{"id":16216,"date":"2018-04-23T01:47:52","date_gmt":"2018-04-23T00:47:52","guid":{"rendered":"http:\/\/www.associationdemarie.org\/blog\/?p=16216"},"modified":"2018-04-07T12:49:33","modified_gmt":"2018-04-07T11:49:33","slug":"si-quelquun-entre-en-passant-par-moi-il-sera-sauve-2","status":"publish","type":"post","link":"https:\/\/www.associationdemarie.org\/blog\/si-quelquun-entre-en-passant-par-moi-il-sera-sauve-2\/","title":{"rendered":"\u00ab Si quelqu&rsquo;un entre en passant par moi, il sera sauv\u00e9. \u00bb"},"content":{"rendered":"<p><img loading=\"lazy\" decoding=\"async\" class=\"aligncenter  wp-image-16217\" src=\"https:\/\/www.associationdemarie.org\/blog\/wp-content\/uploads\/2018\/04\/jsusbo10.gif\" alt=\"\" width=\"443\" height=\"331\" \/><\/p>\n<p>\u00ab\u00a0Moi, je suis le bon pasteur.\u00a0\u00bb Il est \u00e9vident que le titre de pasteur convient au Christ. Car de m\u00eame qu&rsquo;un berger m\u00e8ne pa\u00eetre son troupeau, ainsi le Christ restaure les fid\u00e8les par une nourriture spirituelle, son propre corps et son propre sang&#8230; D&rsquo;autre part, le Christ a dit que le pasteur entre par la porte et qu&rsquo;il est lui-m\u00eame cette porte\u00a0; il faut donc comprendre que c&rsquo;est lui qui entre, et par lui-m\u00eame. C&rsquo;est bien vrai\u00a0: c&rsquo;est bien par lui-m\u00eame qu&rsquo;il entre\u00a0; il se manifeste lui-m\u00eame et il montre qu&rsquo;il conna\u00eet le P\u00e8re par lui-m\u00eame, tandis que nous, nous entrons par lui, et c&rsquo;est lui qui nous donne le bonheur parfait.<\/p>\n<p>Personne d&rsquo;autre que lui n&rsquo;est la porte, parce que personne d&rsquo;autre n&rsquo;est \u00ab\u00a0la vraie lumi\u00e8re, qui \u00e9claire tous les hommes\u00a0\u00bb (Jn 1,9)&#8230; C&rsquo;est pourquoi aucun homme ne dit qu&rsquo;il est la porte\u00a0; le Christ s&rsquo;est r\u00e9serv\u00e9 ce nom comme lui appartenant en propre. Mais le titre de pasteur, il l&rsquo;a communiqu\u00e9 \u00e0 d&rsquo;autres, il l&rsquo;a donn\u00e9 \u00e0 certains de ses membres. En effet, Pierre l&rsquo;a \u00e9t\u00e9 aussi (Jn 21,15), et les autres ap\u00f4tres, ainsi que tous les \u00e9v\u00eaques. \u00ab\u00a0Je vous donnerai des pasteurs selon mon c\u0153ur\u00a0\u00bb dit l&rsquo;\u00c9criture (Jr 3,15)&#8230; Aucun pasteur n&rsquo;est bon s&rsquo;il n&rsquo;est uni au Christ par la charit\u00e9, devenant ainsi membre du pasteur v\u00e9ritable.<\/p>\n<p>Car le service du bon pasteur, c&rsquo;est la charit\u00e9. C&rsquo;est pourquoi J\u00e9sus dit qu&rsquo;il \u00ab\u00a0donne sa vie pour ses brebis\u00a0\u00bb (Jn 10,11)&#8230; Le Christ nous a montr\u00e9 l&rsquo;exemple\u00a0: \u00ab\u00a0Il a donn\u00e9 sa vie pour nous. Nous devons, nous aussi, donner notre vie pour nos fr\u00e8res\u00a0\u00bb (1Jn 3,16).<\/p>\n<p>Saint Thomas d&rsquo;Aquin (1225-1274), th\u00e9ologien dominicain, docteur de l&rsquo;\u00c9glise<br \/>\n<i>Commentaire de l&rsquo;\u00e9vangile de Jean, 10,3 (trad. cf br\u00e9viaire)<\/i><\/p>\n<p>&nbsp;<\/p>\n<p>&nbsp;<\/p>\n<p>&nbsp;<\/p>\n","protected":false},"excerpt":{"rendered":"<p>\u00ab\u00a0Moi, je suis le bon pasteur.\u00a0\u00bb Il est \u00e9vident que le titre de pasteur convient au Christ. Car de m\u00eame qu&rsquo;un berger m\u00e8ne pa\u00eetre son troupeau, ainsi le Christ restaure les fid\u00e8les par une nourriture spirituelle, son propre corps et son propre sang&#8230; D&rsquo;autre part, le Christ a dit que le pasteur entre par la [&hellip;]<\/p>\n","protected":false},"author":2,"featured_media":0,"comment_status":"closed","ping_status":"closed","sticky":false,"template":"","format":"standard","meta":{"footnotes":""},"categories":[13,1261],"tags":[143,174,535,779,1082],"class_list":["post-16216","post","type-post","status-publish","format-standard","hentry","category-ecritures","category-enseignement-2","tag-berger","tag-brebis","tag-jesus","tag-pasteur","tag-st-thomas-daquin"],"_links":{"self":[{"href":"https:\/\/www.associationdemarie.org\/blog\/wp-json\/wp\/v2\/posts\/16216","targetHints":{"allow":["GET"]}}],"collection":[{"href":"https:\/\/www.associationdemarie.org\/blog\/wp-json\/wp\/v2\/posts"}],"about":[{"href":"https:\/\/www.associationdemarie.org\/blog\/wp-json\/wp\/v2\/types\/post"}],"author":[{"embeddable":true,"href":"https:\/\/www.associationdemarie.org\/blog\/wp-json\/wp\/v2\/users\/2"}],"replies":[{"embeddable":true,"href":"https:\/\/www.associationdemarie.org\/blog\/wp-json\/wp\/v2\/comments?post=16216"}],"version-history":[{"count":2,"href":"https:\/\/www.associationdemarie.org\/blog\/wp-json\/wp\/v2\/posts\/16216\/revisions"}],"predecessor-version":[{"id":16219,"href":"https:\/\/www.associationdemarie.org\/blog\/wp-json\/wp\/v2\/posts\/16216\/revisions\/16219"}],"wp:attachment":[{"href":"https:\/\/www.associationdemarie.org\/blog\/wp-json\/wp\/v2\/media?parent=16216"}],"wp:term":[{"taxonomy":"category","embeddable":true,"href":"https:\/\/www.associationdemarie.org\/blog\/wp-json\/wp\/v2\/categories?post=16216"},{"taxonomy":"post_tag","embeddable":true,"href":"https:\/\/www.associationdemarie.org\/blog\/wp-json\/wp\/v2\/tags?post=16216"}],"curies":[{"name":"wp","href":"https:\/\/api.w.org\/{rel}","templated":true}]}}