{"id":16180,"date":"2018-04-15T01:08:42","date_gmt":"2018-04-15T00:08:42","guid":{"rendered":"http:\/\/www.associationdemarie.org\/blog\/?p=16180"},"modified":"2018-03-30T09:10:42","modified_gmt":"2018-03-30T08:10:42","slug":"troisieme-dimanche-de-paques","status":"publish","type":"post","link":"https:\/\/www.associationdemarie.org\/blog\/troisieme-dimanche-de-paques\/","title":{"rendered":"Troisi\u00e8me dimanche de P\u00e2ques"},"content":{"rendered":"<p><img loading=\"lazy\" decoding=\"async\" class=\"aligncenter  wp-image-16181\" src=\"https:\/\/www.associationdemarie.org\/blog\/wp-content\/uploads\/2018\/03\/10943.jpeg\" alt=\"\" width=\"474\" height=\"284\" srcset=\"https:\/\/www.associationdemarie.org\/blog\/wp-content\/uploads\/2018\/03\/10943.jpeg 680w, https:\/\/www.associationdemarie.org\/blog\/wp-content\/uploads\/2018\/03\/10943-300x180.jpeg 300w\" sizes=\"auto, (max-width: 474px) 100vw, 474px\" \/><\/p>\n<p>En entrant dans le C\u00e9nacle alors que toutes les portes \u00e9taient verrouill\u00e9es, le Christ a montr\u00e9 une fois de plus qu&rsquo;il est Dieu par nature, et pourtant qu&rsquo;il n&rsquo;est pas diff\u00e9rent de celui qui vivait auparavant avec les disciples. En d\u00e9couvrant son c\u00f4t\u00e9 et en montrant la marque des clous, il manifestait \u00e0 l&rsquo;\u00e9vidence qu&rsquo;il a relev\u00e9 le temple de son corps qui avait \u00e9t\u00e9 suspendu \u00e0 la croix (cf Jn 2,19), en d\u00e9truisant la mort physique, puisque par nature il est la vie et il est Dieu&#8230;<\/p>\n<p>M\u00eame si le Christ avait voulu d\u00e9ployer la gloire de son corps devant les disciples, avant de monter vers le P\u00e8re, nos yeux n&rsquo;auraient pas pu en supporter la vue. Vous le comprendrez facilement si vous vous rappelez la transfiguration qui avait \u00e9t\u00e9 montr\u00e9e jadis sur la montagne (Mt 17,1s)&#8230; C&rsquo;est pourquoi, afin d&rsquo;observer exactement le plan divin, au C\u00e9nacle notre Seigneur J\u00e9sus apparaissait encore sous la forme qu&rsquo;il avait auparavant, et non pas selon la gloire qui est due et qui convient \u00e0 son temple transfigur\u00e9. Il ne voulait pas que la foi en la r\u00e9surrection se porte sur un aspect et sur un corps diff\u00e9rents de ceux qu&rsquo;il avait re\u00e7u de la sainte Vierge et dans lesquels il est mort apr\u00e8s avoir \u00e9t\u00e9 crucifi\u00e9 selon les \u00c9critures&#8230;<\/p>\n<p>Le Seigneur salue ses disciples en disant\u00a0: \u00ab\u00a0La paix soit avec vous\u00a0\u00bb. Il d\u00e9clare ainsi qu&rsquo;il est lui-m\u00eame la paix, car ceux qui jouissent de sa pr\u00e9sence jouissent aussi d&rsquo;un esprit parfaitement apais\u00e9. C&rsquo;est bien cela que saint Paul souhaitait aux disciples quand il disait\u00a0: \u00ab\u00a0Que la paix du Christ, qui d\u00e9passe tout ce qu&rsquo;on peut imaginer, garde votre c\u0153ur et votre intelligence dans le Christ J\u00e9sus\u00a0\u00bb (Ph 4,7). Pour saint Paul, la paix du Christ, qui d\u00e9passe tout ce qu&rsquo;on peut imaginer, n&rsquo;est autre que son Esprit (cf Jn 20,21-22)\u00a0; celui qui participe \u00e0 son esprit sera rempli de tout bien.<\/p>\n<p>Saint Cyrille d&rsquo;Alexandrie (380-444), \u00e9v\u00eaque et docteur de l&rsquo;\u00c9glise<br \/>\n<i>Commentaire sur l&rsquo;\u00e9vangile de Jean, 12; PG 74, 704 (trad. Delhougne, Les P\u00e8res commentent, p. 59 rev.)<\/i><\/p>\n<p>&nbsp;<\/p>\n<p>&nbsp;<\/p>\n","protected":false},"excerpt":{"rendered":"<p>En entrant dans le C\u00e9nacle alors que toutes les portes \u00e9taient verrouill\u00e9es, le Christ a montr\u00e9 une fois de plus qu&rsquo;il est Dieu par nature, et pourtant qu&rsquo;il n&rsquo;est pas diff\u00e9rent de celui qui vivait auparavant avec les disciples. En d\u00e9couvrant son c\u00f4t\u00e9 et en montrant la marque des clous, il manifestait \u00e0 l&rsquo;\u00e9vidence qu&rsquo;il [&hellip;]<\/p>\n","protected":false},"author":2,"featured_media":0,"comment_status":"closed","ping_status":"closed","sticky":false,"template":"","format":"standard","meta":{"footnotes":""},"categories":[13,1261],"tags":[536,757,892,1489,1081],"class_list":["post-16180","post","type-post","status-publish","format-standard","hentry","category-ecritures","category-enseignement-2","tag-jesus-christ","tag-paix","tag-resurrection","tag-st-cyrille-dalexandrie","tag-st-thomas"],"_links":{"self":[{"href":"https:\/\/www.associationdemarie.org\/blog\/wp-json\/wp\/v2\/posts\/16180","targetHints":{"allow":["GET"]}}],"collection":[{"href":"https:\/\/www.associationdemarie.org\/blog\/wp-json\/wp\/v2\/posts"}],"about":[{"href":"https:\/\/www.associationdemarie.org\/blog\/wp-json\/wp\/v2\/types\/post"}],"author":[{"embeddable":true,"href":"https:\/\/www.associationdemarie.org\/blog\/wp-json\/wp\/v2\/users\/2"}],"replies":[{"embeddable":true,"href":"https:\/\/www.associationdemarie.org\/blog\/wp-json\/wp\/v2\/comments?post=16180"}],"version-history":[{"count":1,"href":"https:\/\/www.associationdemarie.org\/blog\/wp-json\/wp\/v2\/posts\/16180\/revisions"}],"predecessor-version":[{"id":16182,"href":"https:\/\/www.associationdemarie.org\/blog\/wp-json\/wp\/v2\/posts\/16180\/revisions\/16182"}],"wp:attachment":[{"href":"https:\/\/www.associationdemarie.org\/blog\/wp-json\/wp\/v2\/media?parent=16180"}],"wp:term":[{"taxonomy":"category","embeddable":true,"href":"https:\/\/www.associationdemarie.org\/blog\/wp-json\/wp\/v2\/categories?post=16180"},{"taxonomy":"post_tag","embeddable":true,"href":"https:\/\/www.associationdemarie.org\/blog\/wp-json\/wp\/v2\/tags?post=16180"}],"curies":[{"name":"wp","href":"https:\/\/api.w.org\/{rel}","templated":true}]}}