{"id":16162,"date":"2018-04-11T01:11:04","date_gmt":"2018-04-11T00:11:04","guid":{"rendered":"http:\/\/www.associationdemarie.org\/blog\/?p=16162"},"modified":"2018-04-11T13:05:09","modified_gmt":"2018-04-11T12:05:09","slug":"dieu-separa-la-lumiere-et-les-tenebres-gn-14","status":"publish","type":"post","link":"https:\/\/www.associationdemarie.org\/blog\/dieu-separa-la-lumiere-et-les-tenebres-gn-14\/","title":{"rendered":"\u00ab Dieu s\u00e9para la lumi\u00e8re et les t\u00e9n\u00e8bres. \u00bb (Gn 1,4)"},"content":{"rendered":"<p><img loading=\"lazy\" decoding=\"async\" class=\"aligncenter wp-image-16163\" src=\"https:\/\/www.associationdemarie.org\/blog\/wp-content\/uploads\/2018\/03\/vignette_00239.jpg\" alt=\"\" width=\"454\" height=\"291\" srcset=\"https:\/\/www.associationdemarie.org\/blog\/wp-content\/uploads\/2018\/03\/vignette_00239.jpg 1600w, https:\/\/www.associationdemarie.org\/blog\/wp-content\/uploads\/2018\/03\/vignette_00239-300x192.jpg 300w, https:\/\/www.associationdemarie.org\/blog\/wp-content\/uploads\/2018\/03\/vignette_00239-768x492.jpg 768w, https:\/\/www.associationdemarie.org\/blog\/wp-content\/uploads\/2018\/03\/vignette_00239-1024x656.jpg 1024w\" sizes=\"auto, (max-width: 454px) 100vw, 454px\" \/><\/p>\n<p>Pendant que les anges, dans l&rsquo;\u00e9tonnement, n&rsquo;osaient rien demander, l&rsquo;ordre de Dieu a retenti\u00a0: \u00ab\u00a0Que la lumi\u00e8re soit\u00a0!\u00a0\u00bb (Gn 1,3) Et la lumi\u00e8re a chass\u00e9 les t\u00e9n\u00e8bres&#8230; Ce fut le dimanche, le premier des jours, le premier-n\u00e9 d&rsquo;entre ses fr\u00e8res, le jour porteur de myst\u00e8res et de symboles. Dieu avait cr\u00e9\u00e9 deux jumeaux qui ne se ressemblaient en rien\u00a0: la nuit tout obscure, et le jour si clair. La nuit \u00e9tait l&rsquo;a\u00een\u00e9e, mais le jour l&rsquo;a chass\u00e9e et a pris sa place.<\/p>\n<p>Ce premier jour, ce fondement de la cr\u00e9ation, ne s&rsquo;est pas \u00e9coul\u00e9 heure apr\u00e8s heure\u00a0; la lumi\u00e8re ne s&rsquo;est pas lev\u00e9e \u00e0 l&rsquo;Orient, pour se coucher \u00e0 l&rsquo;Occident&#8230; Elle n&rsquo;a subi aucun changement, mais elle fut, selon ce qui est \u00e9crit\u00a0: \u00ab\u00a0Et la lumi\u00e8re fut\u00a0\u00bb. Un jour est n\u00e9 ainsi, form\u00e9 de nuit et de lumi\u00e8re\u00a0; le soir et le matin se sont succ\u00e9d\u00e9s&#8230; Alors Dieu a retir\u00e9 le premier jour et il a appel\u00e9 le deuxi\u00e8me. Il a plac\u00e9 les soirs et les matins sur leurs gonds pour que tourne le grand portail qui, chaque jour, s&rsquo;ouvre et se ferme.<\/p>\n<p>Saint Jacques de Saroug (v. 449-521), moine et \u00e9v\u00eaque syrien<br \/>\n<i>Hexam\u00e9ron : Hom\u00e9lies pour le premier et le deuxi\u00e8me jour (trad. Sr Isabelle de la Source, Lire la Bible, M\u00e9diaspaul 1988, vol.1, p.14)<\/i><\/p>\n<p>&nbsp;<\/p>\n<p><img loading=\"lazy\" decoding=\"async\" class=\"aligncenter  wp-image-16245\" src=\"https:\/\/www.associationdemarie.org\/blog\/wp-content\/uploads\/2018\/04\/MMDHmars1993.png\" alt=\"\" width=\"438\" height=\"571\" srcset=\"https:\/\/www.associationdemarie.org\/blog\/wp-content\/uploads\/2018\/04\/MMDHmars1993.png 805w, https:\/\/www.associationdemarie.org\/blog\/wp-content\/uploads\/2018\/04\/MMDHmars1993-230x300.png 230w, https:\/\/www.associationdemarie.org\/blog\/wp-content\/uploads\/2018\/04\/MMDHmars1993-768x1002.png 768w, https:\/\/www.associationdemarie.org\/blog\/wp-content\/uploads\/2018\/04\/MMDHmars1993-785x1024.png 785w\" sizes=\"auto, (max-width: 438px) 100vw, 438px\" \/><\/p>\n<p>&nbsp;<\/p>\n<p>&nbsp;<\/p>\n<p>&nbsp;<\/p>\n<p>&nbsp;<\/p>\n","protected":false},"excerpt":{"rendered":"<p>Pendant que les anges, dans l&rsquo;\u00e9tonnement, n&rsquo;osaient rien demander, l&rsquo;ordre de Dieu a retenti\u00a0: \u00ab\u00a0Que la lumi\u00e8re soit\u00a0!\u00a0\u00bb (Gn 1,3) Et la lumi\u00e8re a chass\u00e9 les t\u00e9n\u00e8bres&#8230; Ce fut le dimanche, le premier des jours, le premier-n\u00e9 d&rsquo;entre ses fr\u00e8res, le jour porteur de myst\u00e8res et de symboles. Dieu avait cr\u00e9\u00e9 deux jumeaux qui ne [&hellip;]<\/p>\n","protected":false},"author":2,"featured_media":0,"comment_status":"closed","ping_status":"closed","sticky":false,"template":"","format":"standard","meta":{"footnotes":""},"categories":[13,1261,16,19],"tags":[269,448,600,640,1449],"class_list":["post-16162","post","type-post","status-publish","format-standard","hentry","category-ecritures","category-enseignement-2","category-jardins-de-la-bible","category-messages","tag-creation","tag-genese","tag-lumiere","tag-marie-mere-des-hommes","tag-st-jacques-de-saroug"],"_links":{"self":[{"href":"https:\/\/www.associationdemarie.org\/blog\/wp-json\/wp\/v2\/posts\/16162","targetHints":{"allow":["GET"]}}],"collection":[{"href":"https:\/\/www.associationdemarie.org\/blog\/wp-json\/wp\/v2\/posts"}],"about":[{"href":"https:\/\/www.associationdemarie.org\/blog\/wp-json\/wp\/v2\/types\/post"}],"author":[{"embeddable":true,"href":"https:\/\/www.associationdemarie.org\/blog\/wp-json\/wp\/v2\/users\/2"}],"replies":[{"embeddable":true,"href":"https:\/\/www.associationdemarie.org\/blog\/wp-json\/wp\/v2\/comments?post=16162"}],"version-history":[{"count":4,"href":"https:\/\/www.associationdemarie.org\/blog\/wp-json\/wp\/v2\/posts\/16162\/revisions"}],"predecessor-version":[{"id":16247,"href":"https:\/\/www.associationdemarie.org\/blog\/wp-json\/wp\/v2\/posts\/16162\/revisions\/16247"}],"wp:attachment":[{"href":"https:\/\/www.associationdemarie.org\/blog\/wp-json\/wp\/v2\/media?parent=16162"}],"wp:term":[{"taxonomy":"category","embeddable":true,"href":"https:\/\/www.associationdemarie.org\/blog\/wp-json\/wp\/v2\/categories?post=16162"},{"taxonomy":"post_tag","embeddable":true,"href":"https:\/\/www.associationdemarie.org\/blog\/wp-json\/wp\/v2\/tags?post=16162"}],"curies":[{"name":"wp","href":"https:\/\/api.w.org\/{rel}","templated":true}]}}