{"id":16145,"date":"2018-04-06T01:33:05","date_gmt":"2018-04-06T00:33:05","guid":{"rendered":"http:\/\/www.associationdemarie.org\/blog\/?p=16145"},"modified":"2018-03-21T19:35:03","modified_gmt":"2018-03-21T18:35:03","slug":"le-vendredi-de-paques","status":"publish","type":"post","link":"https:\/\/www.associationdemarie.org\/blog\/le-vendredi-de-paques\/","title":{"rendered":"Le vendredi de P\u00e2ques"},"content":{"rendered":"<p><img loading=\"lazy\" decoding=\"async\" class=\"aligncenter  wp-image-16146\" src=\"https:\/\/www.associationdemarie.org\/blog\/wp-content\/uploads\/2018\/03\/jesus_75479_Jean.jpg\" alt=\"\" width=\"434\" height=\"311\" srcset=\"https:\/\/www.associationdemarie.org\/blog\/wp-content\/uploads\/2018\/03\/jesus_75479_Jean.jpg 787w, https:\/\/www.associationdemarie.org\/blog\/wp-content\/uploads\/2018\/03\/jesus_75479_Jean-300x215.jpg 300w, https:\/\/www.associationdemarie.org\/blog\/wp-content\/uploads\/2018\/03\/jesus_75479_Jean-768x550.jpg 768w\" sizes=\"auto, (max-width: 434px) 100vw, 434px\" \/><\/p>\n<p>Nous sommes lents \u00e0 nous rendre compte de cette grande et sublime v\u00e9rit\u00e9 que le Christ marche encore, en quelque sorte, au milieu de nous, et de sa main, de son regard ou de sa voix, nous fait signe de le suivre. Nous ne comprenons pas que cet appel du Christ est une chose qui se r\u00e9alise tous les jours, aujourd&rsquo;hui comme autrefois. Nous en sommes \u00e0 croire que c&rsquo;\u00e9tait bon au temps des ap\u00f4tres, mais aujourd&rsquo;hui nous n&rsquo;y croyons plus \u00e0 notre \u00e9gard, nous ne sommes pas attentifs \u00e0 le rechercher \u00e0 notre sujet. Nous n&rsquo;avons plus des yeux pour voir le Ma\u00eetre \u2014 bien diff\u00e9rents en cela de l&rsquo;ap\u00f4tre bien-aim\u00e9 qui a reconnu le Christ, m\u00eame quand tous les autres disciples ne le reconnaissaient pas. Il \u00e9tait l\u00e0, cependant, debout sur le rivage ; c&rsquo;\u00e9tait apr\u00e8s sa r\u00e9surrection, quand il ordonnait de jeter le filet dans la mer ; c&rsquo;est alors que le disciple que J\u00e9sus aimait dit \u00e0 Pierre : \u00ab C&rsquo;est le Seigneur ! \u00bb<\/p>\n<p>Ce que je veux dire, c&rsquo;est que les hommes qui m\u00e8nent une vie de croyant aper\u00e7oivent de temps en temps des v\u00e9rit\u00e9s qu&rsquo;ils n&rsquo;avaient pas encore vues, ou sur lesquelles leur attention n&rsquo;avait jamais \u00e9t\u00e9 appel\u00e9e. Et tout d&rsquo;un coup, elles se dressent devant eux comme un appel irr\u00e9sistible. Or, il s&rsquo;agit de v\u00e9rit\u00e9s qui engagent notre devoir, qui prennent la valeur de pr\u00e9ceptes, et qui demandent l&rsquo;ob\u00e9issance. C&rsquo;est de cette fa\u00e7on, ou par d&rsquo;autres encore, que le Christ nous appelle maintenant. Il n&rsquo;y a rien de miraculeux ou d&rsquo;extraordinaire dans cette fa\u00e7on de faire. Il agit par l&rsquo;interm\u00e9diaire de nos facult\u00e9s naturelles et au moyen des circonstances m\u00eames de la vie.<\/p>\n<p>Bienheureux John Henry Newman (1801-1890), cardinal, th\u00e9ologien, fondateur de l&rsquo;Oratoire en Angleterre<br \/>\n<i>PPS vol. 8, n\u00b02 (trad. Saleilles, 1906, p. 97-98 rev)<\/i><\/p>\n<p>&nbsp;<\/p>\n<p>&nbsp;<\/p>\n","protected":false},"excerpt":{"rendered":"<p>Nous sommes lents \u00e0 nous rendre compte de cette grande et sublime v\u00e9rit\u00e9 que le Christ marche encore, en quelque sorte, au milieu de nous, et de sa main, de son regard ou de sa voix, nous fait signe de le suivre. Nous ne comprenons pas que cet appel du Christ est une chose qui [&hellip;]<\/p>\n","protected":false},"author":2,"featured_media":0,"comment_status":"closed","ping_status":"closed","sticky":false,"template":"","format":"standard","meta":{"footnotes":""},"categories":[1482,13,1261],"tags":[84,159,535,763,786,892],"class_list":["post-16145","post","type-post","status-publish","format-standard","hentry","category-careme-2018","category-ecritures","category-enseignement-2","tag-apotres","tag-bienheureux-john-henry-newman","tag-jesus","tag-paques","tag-peche","tag-resurrection"],"_links":{"self":[{"href":"https:\/\/www.associationdemarie.org\/blog\/wp-json\/wp\/v2\/posts\/16145","targetHints":{"allow":["GET"]}}],"collection":[{"href":"https:\/\/www.associationdemarie.org\/blog\/wp-json\/wp\/v2\/posts"}],"about":[{"href":"https:\/\/www.associationdemarie.org\/blog\/wp-json\/wp\/v2\/types\/post"}],"author":[{"embeddable":true,"href":"https:\/\/www.associationdemarie.org\/blog\/wp-json\/wp\/v2\/users\/2"}],"replies":[{"embeddable":true,"href":"https:\/\/www.associationdemarie.org\/blog\/wp-json\/wp\/v2\/comments?post=16145"}],"version-history":[{"count":2,"href":"https:\/\/www.associationdemarie.org\/blog\/wp-json\/wp\/v2\/posts\/16145\/revisions"}],"predecessor-version":[{"id":16148,"href":"https:\/\/www.associationdemarie.org\/blog\/wp-json\/wp\/v2\/posts\/16145\/revisions\/16148"}],"wp:attachment":[{"href":"https:\/\/www.associationdemarie.org\/blog\/wp-json\/wp\/v2\/media?parent=16145"}],"wp:term":[{"taxonomy":"category","embeddable":true,"href":"https:\/\/www.associationdemarie.org\/blog\/wp-json\/wp\/v2\/categories?post=16145"},{"taxonomy":"post_tag","embeddable":true,"href":"https:\/\/www.associationdemarie.org\/blog\/wp-json\/wp\/v2\/tags?post=16145"}],"curies":[{"name":"wp","href":"https:\/\/api.w.org\/{rel}","templated":true}]}}