{"id":1613,"date":"2010-10-17T18:06:30","date_gmt":"2010-10-17T18:06:30","guid":{"rendered":"http:\/\/preprod.meltem-int.com\/marie\/blog\/?p=1613"},"modified":"2010-10-17T18:06:30","modified_gmt":"2010-10-17T18:06:30","slug":"semaine-missionnaire-mondiale","status":"publish","type":"post","link":"https:\/\/www.associationdemarie.org\/blog\/semaine-missionnaire-mondiale\/","title":{"rendered":"Semaine missionnaire mondiale"},"content":{"rendered":"<p><a href=\"https:\/\/www.associationdemarie.org\/blog\/wp-content\/uploads\/2010\/10\/semaine-missionnaire.jpg\"><img loading=\"lazy\" decoding=\"async\" class=\"alignright size-medium wp-image-1614\" title=\"semaine missionnaire\" src=\"https:\/\/www.associationdemarie.org\/blog\/wp-content\/uploads\/2010\/10\/semaine-missionnaire-112x300.jpg\" alt=\"\" width=\"112\" height=\"300\" \/><\/a>La\u00a0Semaine\u00a0missionnaire\u00a0mondiale\u00a0<strong>2010<\/strong> se tient\u00a0<strong>du 17 au 24 octobre<\/strong>.<\/p>\n<p>Son th\u00e8me est\u00a0: \u00ab\u00a0Joie pour les c\u0153urs qui cherchent Dieu\u00a0\u00bb (Psaume 104, 3).<\/p>\n<p>Dans ce \u00ab\u00a0tour\u00a0\u00bb des cinq continents, ann\u00e9e apr\u00e8s ann\u00e9e, cette\u00a0Semaine\u00a0Missionnaire\u00a0Mondiale\u00a02010 se vivra en communion avec l\u2019Am\u00e9rique latine, avec en toile de fond les vocations.<\/p>\n<p>C\u2019est le sens des affiches et visuels d\u00e9velopp\u00e9s pour l\u2019occasion.<\/p>\n","protected":false},"excerpt":{"rendered":"<p>La\u00a0Semaine\u00a0missionnaire\u00a0mondiale\u00a02010 se tient\u00a0du 17 au 24 octobre. Son th\u00e8me est\u00a0: \u00ab\u00a0Joie pour les c\u0153urs qui cherchent Dieu\u00a0\u00bb (Psaume 104, 3). Dans ce \u00ab\u00a0tour\u00a0\u00bb des cinq continents, ann\u00e9e apr\u00e8s ann\u00e9e, cette\u00a0Semaine\u00a0Missionnaire\u00a0Mondiale\u00a02010 se vivra en communion avec l\u2019Am\u00e9rique latine, avec en toile de fond les vocations. C\u2019est le sens des affiches et visuels d\u00e9velopp\u00e9s pour l\u2019occasion.<\/p>\n","protected":false},"author":2,"featured_media":0,"comment_status":"closed","ping_status":"closed","sticky":false,"template":"","format":"standard","meta":{"footnotes":""},"categories":[2,14],"tags":[59,387,679],"class_list":["post-1613","post","type-post","status-publish","format-standard","hentry","category-actualites","category-groupe-prieres","tag-amerique-latine","tag-evangelisation","tag-mission"],"_links":{"self":[{"href":"https:\/\/www.associationdemarie.org\/blog\/wp-json\/wp\/v2\/posts\/1613","targetHints":{"allow":["GET"]}}],"collection":[{"href":"https:\/\/www.associationdemarie.org\/blog\/wp-json\/wp\/v2\/posts"}],"about":[{"href":"https:\/\/www.associationdemarie.org\/blog\/wp-json\/wp\/v2\/types\/post"}],"author":[{"embeddable":true,"href":"https:\/\/www.associationdemarie.org\/blog\/wp-json\/wp\/v2\/users\/2"}],"replies":[{"embeddable":true,"href":"https:\/\/www.associationdemarie.org\/blog\/wp-json\/wp\/v2\/comments?post=1613"}],"version-history":[{"count":0,"href":"https:\/\/www.associationdemarie.org\/blog\/wp-json\/wp\/v2\/posts\/1613\/revisions"}],"wp:attachment":[{"href":"https:\/\/www.associationdemarie.org\/blog\/wp-json\/wp\/v2\/media?parent=1613"}],"wp:term":[{"taxonomy":"category","embeddable":true,"href":"https:\/\/www.associationdemarie.org\/blog\/wp-json\/wp\/v2\/categories?post=1613"},{"taxonomy":"post_tag","embeddable":true,"href":"https:\/\/www.associationdemarie.org\/blog\/wp-json\/wp\/v2\/tags?post=1613"}],"curies":[{"name":"wp","href":"https:\/\/api.w.org\/{rel}","templated":true}]}}