{"id":16111,"date":"2018-03-27T01:51:38","date_gmt":"2018-03-27T00:51:38","guid":{"rendered":"http:\/\/www.associationdemarie.org\/blog\/?p=16111"},"modified":"2018-03-11T10:53:28","modified_gmt":"2018-03-11T09:53:28","slug":"le-mardi-saint-2","status":"publish","type":"post","link":"https:\/\/www.associationdemarie.org\/blog\/le-mardi-saint-2\/","title":{"rendered":"Le mardi saint"},"content":{"rendered":"<p><img loading=\"lazy\" decoding=\"async\" class=\"aligncenter  wp-image-16112\" src=\"https:\/\/www.associationdemarie.org\/blog\/wp-content\/uploads\/2018\/03\/sainte_communion_bouche_jesus_d_amour.jpg\" alt=\"\" width=\"473\" height=\"266\" srcset=\"https:\/\/www.associationdemarie.org\/blog\/wp-content\/uploads\/2018\/03\/sainte_communion_bouche_jesus_d_amour.jpg 768w, https:\/\/www.associationdemarie.org\/blog\/wp-content\/uploads\/2018\/03\/sainte_communion_bouche_jesus_d_amour-300x169.jpg 300w\" sizes=\"auto, (max-width: 473px) 100vw, 473px\" \/><\/p>\n<p>Quand le Seigneur a d\u00e9clar\u00e9\u00a0: \u00ab\u00a0En v\u00e9rit\u00e9, je vous le dis, l&rsquo;un de vous va me livrer\u00a0\u00bb, il a d\u00e9montr\u00e9 qu&rsquo;il p\u00e9n\u00e9trait la conscience de celui qui devait le trahir. Il n&rsquo;a pas d\u00e9jou\u00e9 le malfaiteur par des reproches s\u00e9v\u00e8res et publics, mais il cherchait \u00e0 l&rsquo;atteindre par un avertissement tendre et voil\u00e9\u00a0: ainsi le repentir pourrait mieux redresser celui qu&rsquo;aucun interdit n&rsquo;avait destitu\u00e9.<\/p>\n<p>Pourquoi, malheureux Judas, ne profites-tu pas de tant de bont\u00e9\u00a0? Vois, le Seigneur est tout pr\u00eat \u00e0 pardonner ta d\u00e9marche, le Christ ne te d\u00e9nonce \u00e0 personne, sauf \u00e0 toi-m\u00eame. Ni ton nom, ni ta personne ne sont indiqu\u00e9s\u00a0 mais par cette parole de v\u00e9rit\u00e9 et de mis\u00e9ricorde, seul le secret de ton c\u0153ur est touch\u00e9. Ni l&rsquo;honneur de ton titre d&rsquo;ap\u00f4tre, ni la participation au sacrement ne te sont refus\u00e9s. Retourne en arri\u00e8re, abandonne ta folie et repens-toi. La douceur t&rsquo;invite, le salut t&rsquo;incite, la Vie te rappelle. Vois, tes compagnons qui sont purs et sans p\u00e9ch\u00e9 s&rsquo;\u00e9pouvantent \u00e0 l&rsquo;annonce du crime, et comme l&rsquo;auteur d&rsquo;une tel mal n&rsquo;a pas \u00e9t\u00e9 d\u00e9voil\u00e9, chacun craint pour soi. Ils sont plong\u00e9s dans la tristesse, non parce que leur conscience les accuse, mais parce que l&rsquo;inconstance humaine les inqui\u00e8te\u00a0: ils redoutent que ce que chacun sait de soi-m\u00eame soit moins vrai que ce que la V\u00e9rit\u00e9 en personne voit \u00e0 l&rsquo;avance. Et toi, au milieu de cette angoisse des saints, tu abuses de la patience du Seigneur, tu crois que ton audace te cache&#8230;<\/p>\n<p>Voyant alors que toute la pens\u00e9e de Judas restait fix\u00e9e sur son projet mis\u00e9rable, le Seigneur lui dit\u00a0: \u00ab\u00a0Ce que tu fais, fais le vite\u00a0\u00bb. En parlant ainsi, il ne donne pas un ordre, il laisse faire\u00a0 c&rsquo;est la parole non d&rsquo;un homme qui tremble, mais qui est pr\u00eat. Lui qui tient tous les temps en son pouvoir montre qu&rsquo;il ne cherche pas \u00e0 retarder le tra\u00eetre et qu&rsquo;il entre dans la volont\u00e9 de son P\u00e8re pour la r\u00e9demption du monde, sans provoquer ni redouter le crime que pr\u00e9parent ses pers\u00e9cuteurs.<\/p>\n<p>Saint L\u00e9on le Grand (?-v. 461), pape et docteur de l&rsquo;\u00c9glise<br \/>\n<i>Sermon 58, 7\u00e8me sur la Passion, \u00a7 3-4 ; SC 74 bis<\/i><\/p>\n<p>&nbsp;<\/p>\n<p>&nbsp;<\/p>\n<p>&nbsp;<\/p>\n","protected":false},"excerpt":{"rendered":"<p>Quand le Seigneur a d\u00e9clar\u00e9\u00a0: \u00ab\u00a0En v\u00e9rit\u00e9, je vous le dis, l&rsquo;un de vous va me livrer\u00a0\u00bb, il a d\u00e9montr\u00e9 qu&rsquo;il p\u00e9n\u00e9trait la conscience de celui qui devait le trahir. Il n&rsquo;a pas d\u00e9jou\u00e9 le malfaiteur par des reproches s\u00e9v\u00e8res et publics, mais il cherchait \u00e0 l&rsquo;atteindre par un avertissement tendre et voil\u00e9\u00a0: ainsi le [&hellip;]<\/p>\n","protected":false},"author":2,"featured_media":0,"comment_status":"closed","ping_status":"closed","sticky":false,"template":"","format":"standard","meta":{"footnotes":""},"categories":[1482,13,1261],"tags":[550,777,972,1487],"class_list":["post-16111","post","type-post","status-publish","format-standard","hentry","category-careme-2018","category-ecritures","category-enseignement-2","tag-judas","tag-passion","tag-semaine-sainte","tag-trahison"],"_links":{"self":[{"href":"https:\/\/www.associationdemarie.org\/blog\/wp-json\/wp\/v2\/posts\/16111","targetHints":{"allow":["GET"]}}],"collection":[{"href":"https:\/\/www.associationdemarie.org\/blog\/wp-json\/wp\/v2\/posts"}],"about":[{"href":"https:\/\/www.associationdemarie.org\/blog\/wp-json\/wp\/v2\/types\/post"}],"author":[{"embeddable":true,"href":"https:\/\/www.associationdemarie.org\/blog\/wp-json\/wp\/v2\/users\/2"}],"replies":[{"embeddable":true,"href":"https:\/\/www.associationdemarie.org\/blog\/wp-json\/wp\/v2\/comments?post=16111"}],"version-history":[{"count":1,"href":"https:\/\/www.associationdemarie.org\/blog\/wp-json\/wp\/v2\/posts\/16111\/revisions"}],"predecessor-version":[{"id":16113,"href":"https:\/\/www.associationdemarie.org\/blog\/wp-json\/wp\/v2\/posts\/16111\/revisions\/16113"}],"wp:attachment":[{"href":"https:\/\/www.associationdemarie.org\/blog\/wp-json\/wp\/v2\/media?parent=16111"}],"wp:term":[{"taxonomy":"category","embeddable":true,"href":"https:\/\/www.associationdemarie.org\/blog\/wp-json\/wp\/v2\/categories?post=16111"},{"taxonomy":"post_tag","embeddable":true,"href":"https:\/\/www.associationdemarie.org\/blog\/wp-json\/wp\/v2\/tags?post=16111"}],"curies":[{"name":"wp","href":"https:\/\/api.w.org\/{rel}","templated":true}]}}