{"id":16077,"date":"2018-03-17T01:49:43","date_gmt":"2018-03-17T00:49:43","guid":{"rendered":"http:\/\/www.associationdemarie.org\/blog\/?p=16077"},"modified":"2018-03-01T15:51:58","modified_gmt":"2018-03-01T14:51:58","slug":"cest-lui-le-messie","status":"publish","type":"post","link":"https:\/\/www.associationdemarie.org\/blog\/cest-lui-le-messie\/","title":{"rendered":"\u00ab C&rsquo;est lui le Messie. \u00bb"},"content":{"rendered":"<p><img loading=\"lazy\" decoding=\"async\" class=\"aligncenter wp-image-16078\" src=\"https:\/\/www.associationdemarie.org\/blog\/wp-content\/uploads\/2018\/03\/passion27b.jpg\" alt=\"\" width=\"478\" height=\"334\" srcset=\"https:\/\/www.associationdemarie.org\/blog\/wp-content\/uploads\/2018\/03\/passion27b.jpg 913w, https:\/\/www.associationdemarie.org\/blog\/wp-content\/uploads\/2018\/03\/passion27b-300x209.jpg 300w, https:\/\/www.associationdemarie.org\/blog\/wp-content\/uploads\/2018\/03\/passion27b-768x536.jpg 768w\" sizes=\"auto, (max-width: 478px) 100vw, 478px\" \/><\/p>\n<p>La signification v\u00e9ritable de la mis\u00e9ricorde ne consiste pas seulement dans le regard tourn\u00e9 vers le mal, f\u00fbt-il charg\u00e9 de compassion&#8230;\u00a0: la mis\u00e9ricorde se manifeste quand elle&#8230; tire le bien de toutes les formes de mal qui existent dans le monde et dans l&rsquo;homme. Ainsi entendue, elle constitue le contenu fondamental du message messianique du Christ&#8230; [Ce] message et l&rsquo;activit\u00e9 du Christ parmi les hommes s&rsquo;accomplissent avec la croix et la r\u00e9surrection&#8230; La dimension divine de la r\u00e9demption nous d\u00e9voile&#8230; la profondeur de l&rsquo;amour qui ne recule pas devant l&rsquo;extraordinaire sacrifice du Fils pour satisfaire la fid\u00e9lit\u00e9 du Cr\u00e9ateur et P\u00e8re \u00e0 l&rsquo;\u00e9gard des hommes&#8230;<\/p>\n<p>Les \u00e9v\u00e9nements du Vendredi Saint, et auparavant encore la pri\u00e8re \u00e0 Geths\u00e9mani, introduisent un changement fondamental dans tout le d\u00e9roulement de la r\u00e9v\u00e9lation de l&rsquo;amour et de la mis\u00e9ricorde de Dieu, dans la mission messianique du Christ. Celui qui \u00ab\u00a0est pass\u00e9 en faisant le bien et en rendant la sant\u00e9\u00a0\u00bb, \u00ab\u00a0en gu\u00e9rissant toute maladie et toute langueur\u00a0\u00bb (Ac 10,38; Mt 9,35), semble maintenant \u00eatre lui-m\u00eame digne de la plus grande mis\u00e9ricorde, et faire appel \u00e0 la mis\u00e9ricorde, quand il est arr\u00eat\u00e9, outrag\u00e9, condamn\u00e9, flagell\u00e9, couronn\u00e9 d&rsquo;\u00e9pines, quand il est clou\u00e9 \u00e0 la croix et expire dans des tourments atroces. C&rsquo;est \u00e0 ce moment-l\u00e0 qu&rsquo;il est particuli\u00e8rement digne de la mis\u00e9ricorde des hommes qu&rsquo;il a combl\u00e9s de bienfaits, et il ne la re\u00e7oit pas. M\u00eame ceux qui lui sont les plus proches ne savent pas le prot\u00e9ger et l&rsquo;arracher aux mains des oppresseurs. Dans cette \u00e9tape finale de la fonction messianique, s&rsquo;accomplissent dans le Christ les paroles des proph\u00e8tes, et surtout celles d&rsquo;Isa\u00efe, au sujet du Serviteur du Seigneur\u00a0: \u00ab\u00a0Dans ses blessures, nous trouvons la gu\u00e9rison\u00a0\u00bb (53,5)&#8230;<\/p>\n<p>\u00ab\u00a0Celui qui n&rsquo;avait pas connu le p\u00e9ch\u00e9, Dieu l&rsquo;a fait p\u00e9ch\u00e9 pour nous\u00a0\u00bb, \u00e9crira saint Paul (2Co 5,21), r\u00e9sumant en peu de mots toute la profondeur du myst\u00e8re de la croix et en m\u00eame temps la dimension divine de la r\u00e9alit\u00e9 de la r\u00e9demption. Or cette r\u00e9demption est la r\u00e9v\u00e9lation ultime et d\u00e9finitive de la saintet\u00e9 de Dieu, qui est la pl\u00e9nitude absolue de la perfection.<\/p>\n<p>Saint Jean-Paul II (1920-2005), pape<br \/>\n<i>Encyclique \u00ab Dives in misericordia \u00bb, 7 (trad. \u00a9 Libreria Editrice Vaticana)<\/i><\/p>\n<p>&nbsp;<\/p>\n<p>&nbsp;<\/p>\n<p>&nbsp;<\/p>\n","protected":false},"excerpt":{"rendered":"<p>La signification v\u00e9ritable de la mis\u00e9ricorde ne consiste pas seulement dans le regard tourn\u00e9 vers le mal, f\u00fbt-il charg\u00e9 de compassion&#8230;\u00a0: la mis\u00e9ricorde se manifeste quand elle&#8230; tire le bien de toutes les formes de mal qui existent dans le monde et dans l&rsquo;homme. Ainsi entendue, elle constitue le contenu fondamental du message messianique du [&hellip;]<\/p>\n","protected":false},"author":2,"featured_media":0,"comment_status":"closed","ping_status":"closed","sticky":false,"template":"","format":"standard","meta":{"footnotes":""},"categories":[1482,13,1261],"tags":[184,777,872,972,1253],"class_list":["post-16077","post","type-post","status-publish","format-standard","hentry","category-careme-2018","category-ecritures","category-enseignement-2","tag-careme","tag-passion","tag-redemption","tag-semaine-sainte","tag-st-jean-paul-2"],"_links":{"self":[{"href":"https:\/\/www.associationdemarie.org\/blog\/wp-json\/wp\/v2\/posts\/16077","targetHints":{"allow":["GET"]}}],"collection":[{"href":"https:\/\/www.associationdemarie.org\/blog\/wp-json\/wp\/v2\/posts"}],"about":[{"href":"https:\/\/www.associationdemarie.org\/blog\/wp-json\/wp\/v2\/types\/post"}],"author":[{"embeddable":true,"href":"https:\/\/www.associationdemarie.org\/blog\/wp-json\/wp\/v2\/users\/2"}],"replies":[{"embeddable":true,"href":"https:\/\/www.associationdemarie.org\/blog\/wp-json\/wp\/v2\/comments?post=16077"}],"version-history":[{"count":2,"href":"https:\/\/www.associationdemarie.org\/blog\/wp-json\/wp\/v2\/posts\/16077\/revisions"}],"predecessor-version":[{"id":16080,"href":"https:\/\/www.associationdemarie.org\/blog\/wp-json\/wp\/v2\/posts\/16077\/revisions\/16080"}],"wp:attachment":[{"href":"https:\/\/www.associationdemarie.org\/blog\/wp-json\/wp\/v2\/media?parent=16077"}],"wp:term":[{"taxonomy":"category","embeddable":true,"href":"https:\/\/www.associationdemarie.org\/blog\/wp-json\/wp\/v2\/categories?post=16077"},{"taxonomy":"post_tag","embeddable":true,"href":"https:\/\/www.associationdemarie.org\/blog\/wp-json\/wp\/v2\/tags?post=16077"}],"curies":[{"name":"wp","href":"https:\/\/api.w.org\/{rel}","templated":true}]}}