{"id":16069,"date":"2018-03-16T01:25:35","date_gmt":"2018-03-16T00:25:35","guid":{"rendered":"http:\/\/www.associationdemarie.org\/blog\/?p=16069"},"modified":"2018-03-01T08:27:38","modified_gmt":"2018-03-01T07:27:38","slug":"on-cherchait-a-larreter-mais-personne-ne-mit-la-main-sur-lui-parce-que-son-heure-netait-pas-encore-venue","status":"publish","type":"post","link":"https:\/\/www.associationdemarie.org\/blog\/on-cherchait-a-larreter-mais-personne-ne-mit-la-main-sur-lui-parce-que-son-heure-netait-pas-encore-venue\/","title":{"rendered":"\u00ab On cherchait \u00e0 l&rsquo;arr\u00eater, mais personne ne mit la main sur lui parce que son heure n&rsquo;\u00e9tait pas encore venue. \u00bb"},"content":{"rendered":"<p><img loading=\"lazy\" decoding=\"async\" class=\"aligncenter  wp-image-16070\" src=\"https:\/\/www.associationdemarie.org\/blog\/wp-content\/uploads\/2018\/03\/assurance_3_650-2.jpg\" alt=\"\" width=\"498\" height=\"332\" srcset=\"https:\/\/www.associationdemarie.org\/blog\/wp-content\/uploads\/2018\/03\/assurance_3_650-2.jpg 650w, https:\/\/www.associationdemarie.org\/blog\/wp-content\/uploads\/2018\/03\/assurance_3_650-2-300x200.jpg 300w\" sizes=\"auto, (max-width: 498px) 100vw, 498px\" \/><\/p>\n<p>Chercher J\u00e9sus est souvent un bien, car c&rsquo;est la m\u00eame chose que de chercher le Verbe, la v\u00e9rit\u00e9 et la sagesse. Mais vous allez dire que les mots \u00ab\u00a0chercher J\u00e9sus\u00a0\u00bb sont parfois prononc\u00e9s \u00e0 propos de ceux qui lui veulent du mal. Par exemple\u00a0: \u00ab\u00a0Ils cherchaient \u00e0 le saisir, mais personne ne porta la main sur lui, parce que son heure n&rsquo;\u00e9tait pas encore venue\u00a0\u00bb. \u00ab\u00a0Je sais que vous \u00eates la descendance d&rsquo;Abraham\u00a0; mais vous cherchez \u00e0 me tuer parce que ma parole ne p\u00e9n\u00e8tre pas en vous\u00a0\u00bb (Jn 8,37). \u00ab\u00a0Maintenant vous cherchez \u00e0 me tuer, moi un homme qui vous ai dit la v\u00e9rit\u00e9 que j&rsquo;ai entendue de mon P\u00e8re\u00a0\u00bb (Jn 8,40).<\/p>\n<p>Ces paroles&#8230; ne s&rsquo;opposent pas \u00e0 cette autre parole\u00a0: \u00ab\u00a0Quiconque cherche trouve\u00a0\u00bb (Mt 7,8). Il existe toujours des diff\u00e9rences entre ceux qui cherchent J\u00e9sus\u00a0: tous ne le cherchent pas sinc\u00e8rement pour leur salut et pour obtenir son aide. Il est des hommes qui le cherchent pour d&rsquo;innombrables raisons fort \u00e9loign\u00e9es du bien. C&rsquo;est pourquoi seuls ceux qui l&rsquo;ont cherch\u00e9 en toute droiture ont trouv\u00e9 la paix, ceux dont on peut vraiment dire qu&rsquo;ils cherchent le Verbe qui est aupr\u00e8s de Dieu (Jn 1,1), afin qu&rsquo;il les am\u00e8ne \u00e0 son P\u00e8re&#8230;<\/p>\n<p>Il menace de s&rsquo;en aller s&rsquo;il n&rsquo;est pas accueilli\u00a0: \u00ab\u00a0Je m&rsquo;en vais et vous me chercherez\u00a0\u00bb (Jn 8,21)&#8230; Il sait de qui il s&rsquo;\u00e9loigne et aupr\u00e8s de qui il reste sans \u00eatre encore trouv\u00e9, afin que si on le cherche on le trouve au temps favorable.<\/p>\n<p>Orig\u00e8ne (v. 185-253), pr\u00eatre et th\u00e9ologien<br \/>\n<i>Commentaire de Saint Jean, 19,12 ; PG 14, 548 (trad. cf. Jean expliqu\u00e9, DDB 1985, p. 85)<\/i><\/p>\n<p>&nbsp;<\/p>\n<p>&nbsp;<\/p>\n","protected":false},"excerpt":{"rendered":"<p>Chercher J\u00e9sus est souvent un bien, car c&rsquo;est la m\u00eame chose que de chercher le Verbe, la v\u00e9rit\u00e9 et la sagesse. Mais vous allez dire que les mots \u00ab\u00a0chercher J\u00e9sus\u00a0\u00bb sont parfois prononc\u00e9s \u00e0 propos de ceux qui lui veulent du mal. Par exemple\u00a0: \u00ab\u00a0Ils cherchaient \u00e0 le saisir, mais personne ne porta la main [&hellip;]<\/p>\n","protected":false},"author":2,"featured_media":0,"comment_status":"closed","ping_status":"closed","sticky":false,"template":"","format":"standard","meta":{"footnotes":""},"categories":[1482,13,1261],"tags":[184,742,777],"class_list":["post-16069","post","type-post","status-publish","format-standard","hentry","category-careme-2018","category-ecritures","category-enseignement-2","tag-careme","tag-origene","tag-passion"],"_links":{"self":[{"href":"https:\/\/www.associationdemarie.org\/blog\/wp-json\/wp\/v2\/posts\/16069","targetHints":{"allow":["GET"]}}],"collection":[{"href":"https:\/\/www.associationdemarie.org\/blog\/wp-json\/wp\/v2\/posts"}],"about":[{"href":"https:\/\/www.associationdemarie.org\/blog\/wp-json\/wp\/v2\/types\/post"}],"author":[{"embeddable":true,"href":"https:\/\/www.associationdemarie.org\/blog\/wp-json\/wp\/v2\/users\/2"}],"replies":[{"embeddable":true,"href":"https:\/\/www.associationdemarie.org\/blog\/wp-json\/wp\/v2\/comments?post=16069"}],"version-history":[{"count":2,"href":"https:\/\/www.associationdemarie.org\/blog\/wp-json\/wp\/v2\/posts\/16069\/revisions"}],"predecessor-version":[{"id":16072,"href":"https:\/\/www.associationdemarie.org\/blog\/wp-json\/wp\/v2\/posts\/16069\/revisions\/16072"}],"wp:attachment":[{"href":"https:\/\/www.associationdemarie.org\/blog\/wp-json\/wp\/v2\/media?parent=16069"}],"wp:term":[{"taxonomy":"category","embeddable":true,"href":"https:\/\/www.associationdemarie.org\/blog\/wp-json\/wp\/v2\/categories?post=16069"},{"taxonomy":"post_tag","embeddable":true,"href":"https:\/\/www.associationdemarie.org\/blog\/wp-json\/wp\/v2\/tags?post=16069"}],"curies":[{"name":"wp","href":"https:\/\/api.w.org\/{rel}","templated":true}]}}