{"id":16006,"date":"2018-03-01T01:24:21","date_gmt":"2018-03-01T00:24:21","guid":{"rendered":"http:\/\/www.associationdemarie.org\/blog\/?p=16006"},"modified":"2018-02-12T21:26:26","modified_gmt":"2018-02-12T20:26:26","slug":"un-pauvre-etait-couche-devant-sa-porte","status":"publish","type":"post","link":"https:\/\/www.associationdemarie.org\/blog\/un-pauvre-etait-couche-devant-sa-porte\/","title":{"rendered":"\u00ab Un pauvre \u00e9tait couch\u00e9 devant sa porte. \u00bb"},"content":{"rendered":"<p><img loading=\"lazy\" decoding=\"async\" class=\"aligncenter wp-image-16007\" src=\"https:\/\/www.associationdemarie.org\/blog\/wp-content\/uploads\/2018\/02\/img-passe.jpg\" alt=\"\" width=\"466\" height=\"279\" srcset=\"https:\/\/www.associationdemarie.org\/blog\/wp-content\/uploads\/2018\/02\/img-passe.jpg 842w, https:\/\/www.associationdemarie.org\/blog\/wp-content\/uploads\/2018\/02\/img-passe-300x180.jpg 300w, https:\/\/www.associationdemarie.org\/blog\/wp-content\/uploads\/2018\/02\/img-passe-768x460.jpg 768w\" sizes=\"auto, (max-width: 466px) 100vw, 466px\" \/><\/p>\n<p>\u00ab\u00a0Heureux les mis\u00e9ricordieux, dit le Seigneur, ils obtiendront mis\u00e9ricorde.\u00a0\u00bb (Mt 5,7) La mis\u00e9ricorde n&rsquo;est pas la moindre des b\u00e9atitudes\u00a0: \u00ab\u00a0Heureux qui comprend le pauvre et le faible\u00a0\u00bb, et aussi\u00a0: \u00ab\u00a0L&rsquo;homme bon compatit et partage\u00a0\u00bb, ailleurs encore\u00a0: \u00ab\u00a0Tout le jour, le juste a piti\u00e9, il pr\u00eate\u00a0\u00bb (Ps 71,13\u00a0;111,5\u00a0;36,26). Faisons n\u00f4tre donc cette b\u00e9atitude\u00a0: sachons comprendre, soyons bons.<\/p>\n<p>M\u00eame la nuit ne doit pas arr\u00eater ta mis\u00e9ricorde\u00a0; \u00ab\u00a0ne dis pas\u00a0: Reviens demain matin et je te donnerai\u00a0\u00bb (Pr 3,28). Qu&rsquo;il n&rsquo;y ait pas d&rsquo;h\u00e9sitation entre ta premi\u00e8re r\u00e9action et ta g\u00e9n\u00e9rosit\u00e9&#8230; \u00ab\u00a0Partage ton pain avec celui qui a faim, recueille chez toi le malheureux sans abri\u00a0\u00bb (Is 58,7) et fais-le de bon c\u0153ur. \u00ab\u00a0Celui qui exerce la mis\u00e9ricorde, dit saint Paul, qu&rsquo;il le fasse avec joie\u00a0\u00bb (Rm 12,8). Ton m\u00e9rite est doubl\u00e9 par ton empressement\u00a0; un don fait avec chagrin et par contrainte n&rsquo;a ni gr\u00e2ce ni \u00e9clat. C&rsquo;est avec un c\u0153ur en f\u00eate, non en se lamentant, qu&rsquo;il faut faire le bien&#8230; \u00ab\u00a0Alors ta lumi\u00e8re jaillira comme l&rsquo;aurore, et tes forces reviendront rapidement\u00a0\u00bb (Is 58,8). Y a-t-il quelqu&rsquo;un qui ne d\u00e9sire pas la lumi\u00e8re et la gu\u00e9rison\u00a0? &#8230;<\/p>\n<p>C&rsquo;est pourquoi, serviteurs du Christ, ses fr\u00e8res et ses coh\u00e9ritiers (Ga 4,7), tant que nous en avons l&rsquo;occasion, visitons le Christ, nourrissons le Christ, habillons le Christ, recueillons le Christ, honorons le Christ (cf Mt 25,31s). Non seulement en l&rsquo;invitant \u00e0 table, comme quelques-uns l&rsquo;ont fait, ou en le couvrant de parfums, comme Marie Madeleine, ou en participant \u00e0 sa s\u00e9pulture, comme Nicod\u00e8me&#8230; Ni avec l&rsquo;or, l&rsquo;encens et la myrrhe, comme les mages&#8230; Le Seigneur de l&rsquo;univers \u00ab\u00a0veut la mis\u00e9ricorde et non le sacrifice\u00a0\u00bb (Mt 9,13), notre compassion plut\u00f4t que \u00ab\u00a0des milliers d&rsquo;agneaux engraiss\u00e9s\u00a0\u00bb (Mi 6,7). Pr\u00e9sentons-lui donc notre mis\u00e9ricorde par les mains de ces malheureux gisant aujourd&rsquo;hui sur le sol, afin que, le jour o\u00f9 nous partirons d&rsquo;ici, ils nous \u00ab\u00a0introduisent aux demeures \u00e9ternelles\u00a0\u00bb (Lc 16,9), dans le Christ lui-m\u00eame, notre Seigneur.<\/p>\n<p>Saint Gr\u00e9goire de Nazianze (330-390), \u00e9v\u00eaque et docteur de l&rsquo;\u00c9glise<br \/>\n<i>14e hom\u00e9lie sur l&rsquo;amour des pauvres, 38.40 (trad. br\u00e9viaire, 3e samedi de Car\u00eame, rev.)<\/i><\/p>\n<p>&nbsp;<\/p>\n<p>&nbsp;<\/p>\n<p>&nbsp;<\/p>\n","protected":false},"excerpt":{"rendered":"<p>\u00ab\u00a0Heureux les mis\u00e9ricordieux, dit le Seigneur, ils obtiendront mis\u00e9ricorde.\u00a0\u00bb (Mt 5,7) La mis\u00e9ricorde n&rsquo;est pas la moindre des b\u00e9atitudes\u00a0: \u00ab\u00a0Heureux qui comprend le pauvre et le faible\u00a0\u00bb, et aussi\u00a0: \u00ab\u00a0L&rsquo;homme bon compatit et partage\u00a0\u00bb, ailleurs encore\u00a0: \u00ab\u00a0Tout le jour, le juste a piti\u00e9, il pr\u00eate\u00a0\u00bb (Ps 71,13\u00a0;111,5\u00a0;36,26). Faisons n\u00f4tre donc cette b\u00e9atitude\u00a0: sachons comprendre, soyons [&hellip;]<\/p>\n","protected":false},"author":2,"featured_media":0,"comment_status":"closed","ping_status":"closed","sticky":false,"template":"","format":"standard","meta":{"footnotes":""},"categories":[1482,13,1261],"tags":[137,784,1035],"class_list":["post-16006","post","type-post","status-publish","format-standard","hentry","category-careme-2018","category-ecritures","category-enseignement-2","tag-beatitudes","tag-pauvres","tag-st-gregoire"],"_links":{"self":[{"href":"https:\/\/www.associationdemarie.org\/blog\/wp-json\/wp\/v2\/posts\/16006","targetHints":{"allow":["GET"]}}],"collection":[{"href":"https:\/\/www.associationdemarie.org\/blog\/wp-json\/wp\/v2\/posts"}],"about":[{"href":"https:\/\/www.associationdemarie.org\/blog\/wp-json\/wp\/v2\/types\/post"}],"author":[{"embeddable":true,"href":"https:\/\/www.associationdemarie.org\/blog\/wp-json\/wp\/v2\/users\/2"}],"replies":[{"embeddable":true,"href":"https:\/\/www.associationdemarie.org\/blog\/wp-json\/wp\/v2\/comments?post=16006"}],"version-history":[{"count":2,"href":"https:\/\/www.associationdemarie.org\/blog\/wp-json\/wp\/v2\/posts\/16006\/revisions"}],"predecessor-version":[{"id":16009,"href":"https:\/\/www.associationdemarie.org\/blog\/wp-json\/wp\/v2\/posts\/16006\/revisions\/16009"}],"wp:attachment":[{"href":"https:\/\/www.associationdemarie.org\/blog\/wp-json\/wp\/v2\/media?parent=16006"}],"wp:term":[{"taxonomy":"category","embeddable":true,"href":"https:\/\/www.associationdemarie.org\/blog\/wp-json\/wp\/v2\/categories?post=16006"},{"taxonomy":"post_tag","embeddable":true,"href":"https:\/\/www.associationdemarie.org\/blog\/wp-json\/wp\/v2\/tags?post=16006"}],"curies":[{"name":"wp","href":"https:\/\/api.w.org\/{rel}","templated":true}]}}