{"id":15966,"date":"2018-02-20T01:18:03","date_gmt":"2018-02-20T00:18:03","guid":{"rendered":"http:\/\/www.associationdemarie.org\/blog\/?p=15966"},"modified":"2018-02-05T06:19:55","modified_gmt":"2018-02-05T05:19:55","slug":"invoquer-le-nom-du-pere","status":"publish","type":"post","link":"https:\/\/www.associationdemarie.org\/blog\/invoquer-le-nom-du-pere\/","title":{"rendered":"Invoquer le nom du P\u00e8re"},"content":{"rendered":"<p><a href=\"https:\/\/www.associationdemarie.org\/blog\/wp-content\/uploads\/2018\/02\/ob_316de1_notre-pere-image-publiee-par-la-pa.jpg\"><img loading=\"lazy\" decoding=\"async\" class=\"aligncenter  wp-image-15967\" src=\"https:\/\/www.associationdemarie.org\/blog\/wp-content\/uploads\/2018\/02\/ob_316de1_notre-pere-image-publiee-par-la-pa.jpg\" alt=\"ob_316de1_notre-pere-image-publiee-par-la-pa\" width=\"460\" height=\"324\" srcset=\"https:\/\/www.associationdemarie.org\/blog\/wp-content\/uploads\/2018\/02\/ob_316de1_notre-pere-image-publiee-par-la-pa.jpg 705w, https:\/\/www.associationdemarie.org\/blog\/wp-content\/uploads\/2018\/02\/ob_316de1_notre-pere-image-publiee-par-la-pa-300x211.jpg 300w\" sizes=\"auto, (max-width: 460px) 100vw, 460px\" \/><\/a><\/p>\n<p>J\u00e9sus dit \u00e0 ses Ap\u00f4tres\u00a0: \u00ab\u00a0Lorsque vous priez, dites\u00a0: P\u00e8re\u00a0\u00bb. C&rsquo;est-\u00e0-dire, premi\u00e8rement invoquez le P\u00e8re\u00a0; dites, non seulement avec la voix , mais aussi avec le c\u0153ur, de peur qu&rsquo;il ne soit dit de vous comme en Isa\u00efe\u00a0: \u00ab\u00a0Ce peuple m&rsquo;honore des l\u00e8vres mais leur c\u0153ur est loin de moi\u00a0\u00bb (Is 29,13). Dites non seulement avec le c\u0153ur mais aussi avec la bouche car la pri\u00e8re vocale est re\u00e7ue par Dieu selon le psaume\u00a0: \u00ab\u00a0je glorifierai le Seigneur de toute la puissance de ma voix\u00a0\u00bb (Ps 108, 30). Et cela, parce qu&rsquo;elle vaut \u00e0 la fois pour r\u00e9veiller la m\u00e9moire, exciter la somnolence, enflammer le d\u00e9sir, disposer \u00e0 l&rsquo;ob\u00e9issance, exprimer la joie, et donner l&rsquo;exemple.<\/p>\n<p>Invoquons donc le nom du P\u00e8re. Il est P\u00e8re, en effet, en raison de la condition de nature selon \u00c9ph\u00e9siens\u00a0: \u00ab\u00a0De qui toute paternit\u00e9 tire son nom au ciel et sur terre\u00a0\u00bb (Ep 3,15). D&rsquo;o\u00f9, en Malachie\u00a0: \u00ab\u00a0Est-ce que nous n&rsquo;avons pas tous un P\u00e8re unique ?\u00a0\u00bb (Ml 2,10) . Il est P\u00e8re, aussi, en raison de la donation de la gr\u00e2ce\u00a0; en Romains\u00a0: \u00ab\u00a0Vous avez tous re\u00e7u l&rsquo;esprit d&rsquo;adoption des fils dans lequel nous crions\u00a0: Abba, P\u00e8re\u00a0\u00bb (Rm 8,15)\u00a0; et en Galates\u00a0: \u00ab\u00a0Et parce que vous \u00eates fils, Dieu a envoy\u00e9 l&rsquo;esprit de son Fils criant\u00a0: Abba, P\u00e8re\u00a0\u00bb (Ga 4,6). Il est P\u00e8re, aussi, en raison de la r\u00e9alisation de la gloire, selon J\u00e9r\u00e9mie\u00a0: \u00ab\u00a0tu m&rsquo;appelleras P\u00e8re, et tu ne cesseras pas de marcher avec moi\u00a0\u00bb (Cf. Jr 3,19).<\/p>\n<p>Puisque donc, dans le nom du P\u00e8re, Dieu est saisi comme fondateur de la nature, donneur de la gr\u00e2ce et r\u00e9alisateur de la gloire, par l\u00e0-m\u00eame, il est donn\u00e9 de saisir qu&rsquo;il est celui \u00e0 qui seul nous devons demander.<\/p>\n<p>Matthieu et Luc s&rsquo;accordent sur l&rsquo;invocation du nom de P\u00e8re, afin qu&rsquo;en ce seul nom, l&rsquo;homme soit excit\u00e9 \u00e0 la r\u00e9v\u00e9rence et \u00e0 la confiance, ces deux ailes sans lesquelles la pri\u00e8re n&rsquo;a pas d&rsquo;efficacit\u00e9.<\/p>\n<p>Saint Bonaventure (1221-1274), franciscain, docteur de l&rsquo;\u00c9glise<br \/>\n<i>Commentaire de l\u2019\u00c9vangile selon Saint Luc, ch. VII (\u00c9tudes franciscaines, 2008, pp.26-28, trad. d&rsquo;Andr\u00e9 M\u00e9nard, rev.)<\/i><\/p>\n<p>&nbsp;<\/p>\n<p>&nbsp;<\/p>\n<p>&nbsp;<\/p>\n","protected":false},"excerpt":{"rendered":"<p>J\u00e9sus dit \u00e0 ses Ap\u00f4tres\u00a0: \u00ab\u00a0Lorsque vous priez, dites\u00a0: P\u00e8re\u00a0\u00bb. C&rsquo;est-\u00e0-dire, premi\u00e8rement invoquez le P\u00e8re\u00a0; dites, non seulement avec la voix , mais aussi avec le c\u0153ur, de peur qu&rsquo;il ne soit dit de vous comme en Isa\u00efe\u00a0: \u00ab\u00a0Ce peuple m&rsquo;honore des l\u00e8vres mais leur c\u0153ur est loin de moi\u00a0\u00bb (Is 29,13). Dites non seulement [&hellip;]<\/p>\n","protected":false},"author":2,"featured_media":0,"comment_status":"closed","ping_status":"closed","sticky":false,"template":"","format":"standard","meta":{"footnotes":""},"categories":[13,1261,26],"tags":[719,831,1239],"class_list":["post-15966","post","type-post","status-publish","format-standard","hentry","category-ecritures","category-enseignement-2","category-priere-des-ames","tag-notre-pere","tag-priere-et-chant","tag-st-bonaventure"],"_links":{"self":[{"href":"https:\/\/www.associationdemarie.org\/blog\/wp-json\/wp\/v2\/posts\/15966","targetHints":{"allow":["GET"]}}],"collection":[{"href":"https:\/\/www.associationdemarie.org\/blog\/wp-json\/wp\/v2\/posts"}],"about":[{"href":"https:\/\/www.associationdemarie.org\/blog\/wp-json\/wp\/v2\/types\/post"}],"author":[{"embeddable":true,"href":"https:\/\/www.associationdemarie.org\/blog\/wp-json\/wp\/v2\/users\/2"}],"replies":[{"embeddable":true,"href":"https:\/\/www.associationdemarie.org\/blog\/wp-json\/wp\/v2\/comments?post=15966"}],"version-history":[{"count":3,"href":"https:\/\/www.associationdemarie.org\/blog\/wp-json\/wp\/v2\/posts\/15966\/revisions"}],"predecessor-version":[{"id":15970,"href":"https:\/\/www.associationdemarie.org\/blog\/wp-json\/wp\/v2\/posts\/15966\/revisions\/15970"}],"wp:attachment":[{"href":"https:\/\/www.associationdemarie.org\/blog\/wp-json\/wp\/v2\/media?parent=15966"}],"wp:term":[{"taxonomy":"category","embeddable":true,"href":"https:\/\/www.associationdemarie.org\/blog\/wp-json\/wp\/v2\/categories?post=15966"},{"taxonomy":"post_tag","embeddable":true,"href":"https:\/\/www.associationdemarie.org\/blog\/wp-json\/wp\/v2\/tags?post=15966"}],"curies":[{"name":"wp","href":"https:\/\/api.w.org\/{rel}","templated":true}]}}