{"id":15935,"date":"2018-02-13T01:27:35","date_gmt":"2018-02-13T00:27:35","guid":{"rendered":"http:\/\/www.associationdemarie.org\/blog\/?p=15935"},"modified":"2018-01-29T06:29:01","modified_gmt":"2018-01-29T05:29:01","slug":"lumiere-divine","status":"publish","type":"post","link":"https:\/\/www.associationdemarie.org\/blog\/lumiere-divine\/","title":{"rendered":"Lumi\u00e8re Divine"},"content":{"rendered":"<p><a href=\"https:\/\/www.associationdemarie.org\/blog\/wp-content\/uploads\/2018\/01\/moudi-700x352-6.jpg\"><img loading=\"lazy\" decoding=\"async\" class=\"aligncenter  wp-image-15936\" src=\"https:\/\/www.associationdemarie.org\/blog\/wp-content\/uploads\/2018\/01\/moudi-700x352-6.jpg\" alt=\"moudi-700x352-6\" width=\"487\" height=\"245\" srcset=\"https:\/\/www.associationdemarie.org\/blog\/wp-content\/uploads\/2018\/01\/moudi-700x352-6.jpg 700w, https:\/\/www.associationdemarie.org\/blog\/wp-content\/uploads\/2018\/01\/moudi-700x352-6-300x151.jpg 300w\" sizes=\"auto, (max-width: 487px) 100vw, 487px\" \/><\/a><\/p>\n<p>Je ne peux pas voir ta lumi\u00e8re\u00a0: elle est trop \u00e9clatante pour ma vue. Et pourtant, tout ce que je vois, c&rsquo;est gr\u00e2ce \u00e0 ta lumi\u00e8re que je le distingue, comme notre \u0153il fragile voit, gr\u00e2ce au soleil, tout ce qu&rsquo;il aper\u00e7oit, sans pouvoir cependant regarder le soleil lui-m\u00eame.<\/p>\n<p>Mon intelligence demeure impuissante devant ta lumi\u00e8re\u00a0; elle est trop \u00e9clatante. L&rsquo;\u0153il de mon \u00e2me est incapable de la recevoir, et il ne supporte m\u00eame pas de rester longtemps fix\u00e9 sur elle. Mon regard est bless\u00e9 par son \u00e9clat, d\u00e9pass\u00e9 par son \u00e9tendue\u00a0; il se perd dans son immensit\u00e9 et reste confondu devant sa profondeur.<\/p>\n<p>\u00d4 lumi\u00e8re souveraine et inaccessible\u00a0! V\u00e9rit\u00e9 totale et bienheureuse\u00a0! Que tu es donc loin de moi, et pourtant je suis si pr\u00e8s de toi\u00a0! Tu \u00e9chappes presque enti\u00e8rement \u00e0 ma vue, tandis que je suis, moi, tout entier sous ton regard. En tout lieu rayonne la pl\u00e9nitude de ta pr\u00e9sence, et je ne te vois pas. C&rsquo;est en toi que j&rsquo;agis et que j&rsquo;ai l&rsquo;existence, pourtant je ne peux pas atteindre jusqu&rsquo;\u00e0 toi. Tu es en moi, tu es tout alentour de moi, et pourtant je ne peux pas te saisir du regard.<\/p>\n<p>Saint Anselme (1033-1109), moine, \u00e9v\u00eaque, docteur de l&rsquo;\u00c9glise<br \/>\n<i>Proslogion, ch.16<\/i><\/p>\n<p>&nbsp;<\/p>\n<p>&nbsp;<\/p>\n<p>&nbsp;<\/p>\n","protected":false},"excerpt":{"rendered":"<p>Je ne peux pas voir ta lumi\u00e8re\u00a0: elle est trop \u00e9clatante pour ma vue. Et pourtant, tout ce que je vois, c&rsquo;est gr\u00e2ce \u00e0 ta lumi\u00e8re que je le distingue, comme notre \u0153il fragile voit, gr\u00e2ce au soleil, tout ce qu&rsquo;il aper\u00e7oit, sans pouvoir cependant regarder le soleil lui-m\u00eame. Mon intelligence demeure impuissante devant ta [&hellip;]<\/p>\n","protected":false},"author":2,"featured_media":0,"comment_status":"closed","ping_status":"closed","sticky":false,"template":"","format":"standard","meta":{"footnotes":""},"categories":[13,1261],"tags":[600,1459],"class_list":["post-15935","post","type-post","status-publish","format-standard","hentry","category-ecritures","category-enseignement-2","tag-lumiere","tag-st-anselme"],"_links":{"self":[{"href":"https:\/\/www.associationdemarie.org\/blog\/wp-json\/wp\/v2\/posts\/15935","targetHints":{"allow":["GET"]}}],"collection":[{"href":"https:\/\/www.associationdemarie.org\/blog\/wp-json\/wp\/v2\/posts"}],"about":[{"href":"https:\/\/www.associationdemarie.org\/blog\/wp-json\/wp\/v2\/types\/post"}],"author":[{"embeddable":true,"href":"https:\/\/www.associationdemarie.org\/blog\/wp-json\/wp\/v2\/users\/2"}],"replies":[{"embeddable":true,"href":"https:\/\/www.associationdemarie.org\/blog\/wp-json\/wp\/v2\/comments?post=15935"}],"version-history":[{"count":1,"href":"https:\/\/www.associationdemarie.org\/blog\/wp-json\/wp\/v2\/posts\/15935\/revisions"}],"predecessor-version":[{"id":15937,"href":"https:\/\/www.associationdemarie.org\/blog\/wp-json\/wp\/v2\/posts\/15935\/revisions\/15937"}],"wp:attachment":[{"href":"https:\/\/www.associationdemarie.org\/blog\/wp-json\/wp\/v2\/media?parent=15935"}],"wp:term":[{"taxonomy":"category","embeddable":true,"href":"https:\/\/www.associationdemarie.org\/blog\/wp-json\/wp\/v2\/categories?post=15935"},{"taxonomy":"post_tag","embeddable":true,"href":"https:\/\/www.associationdemarie.org\/blog\/wp-json\/wp\/v2\/tags?post=15935"}],"curies":[{"name":"wp","href":"https:\/\/api.w.org\/{rel}","templated":true}]}}