{"id":15922,"date":"2018-02-11T01:16:48","date_gmt":"2018-02-11T00:16:48","guid":{"rendered":"http:\/\/www.associationdemarie.org\/blog\/?p=15922"},"modified":"2018-01-27T09:19:19","modified_gmt":"2018-01-27T08:19:19","slug":"si-tu-le-veux-tu-peux","status":"publish","type":"post","link":"https:\/\/www.associationdemarie.org\/blog\/si-tu-le-veux-tu-peux\/","title":{"rendered":"\u00ab Si tu le veux, tu peux. \u00bb"},"content":{"rendered":"<figure id=\"attachment_15923\" aria-describedby=\"caption-attachment-15923\" style=\"width: 416px\" class=\"wp-caption aligncenter\"><a href=\"https:\/\/www.associationdemarie.org\/blog\/wp-content\/uploads\/2018\/01\/Moi-Therese-conquistador-de-Jesus_article.jpg\"><img loading=\"lazy\" decoding=\"async\" class=\" wp-image-15923\" src=\"https:\/\/www.associationdemarie.org\/blog\/wp-content\/uploads\/2018\/01\/Moi-Therese-conquistador-de-Jesus_article.jpg\" alt=\"Sainte Therese d'Avila (1515-1582) religieuse et reformatrice monastique ici contemplant le Sacre Coeur de Jesus, alors que son propre coeur est transperce d'une fleche, chromolithographie, vers 1897 --\" width=\"416\" height=\"234\" srcset=\"https:\/\/www.associationdemarie.org\/blog\/wp-content\/uploads\/2018\/01\/Moi-Therese-conquistador-de-Jesus_article.jpg 600w, https:\/\/www.associationdemarie.org\/blog\/wp-content\/uploads\/2018\/01\/Moi-Therese-conquistador-de-Jesus_article-300x169.jpg 300w\" sizes=\"auto, (max-width: 416px) 100vw, 416px\" \/><\/a><figcaption id=\"caption-attachment-15923\" class=\"wp-caption-text\">Sainte Therese d&rsquo;Avila (1515-1582) religieuse et reformatrice monastique ici contemplant le Sacre Coeur de Jesus, alors que son propre coeur est transperce d&rsquo;une fleche, chromolithographie, vers 1897 &#8212;<\/figcaption><\/figure>\n<p>&nbsp;<\/p>\n<p>Mon tendre ma\u00eetre, tu es bien l&rsquo;ami v\u00e9ritable\u00a0! \u00c9tant tout-puissant, ce que tu veux, tu le peux. Et jamais tu ne manques de vouloir, envers ceux qui t&rsquo;aiment. Que tout ce qui est ici-bas te loue, Seigneur\u00a0! Comment faire retentir ma voix dans tout l&rsquo;univers, pour annoncer combien tu es fid\u00e8le \u00e0 tes amis\u00a0? Toutes les cr\u00e9atures peuvent nous manquer\u00a0: toi qui en es le ma\u00eetre, tu ne nous manques jamais.<\/p>\n<p>Que tu laisses souffrir peu de temps ceux qui t&rsquo;aiment\u00a0! \u00d4 mon ma\u00eetre, quelle d\u00e9licatesse, quelle attention, quelle tendresse tu montres envers eux\u00a0! Oui, heureux celui qui n&rsquo;a jamais rien aim\u00e9 hors de toi\u00a0! Il est vrai, tu traites tes amis avec rigueur, mais c&rsquo;est, je crois, pour mieux faire \u00e9clater dans l&rsquo;exc\u00e8s de la souffrance, l&rsquo;exc\u00e8s plus grand encore de ton amour. Mon Dieu, que n&rsquo;ai-je de l&rsquo;intelligence, du talent, que n&rsquo;ai-je un langage nouveau, pour parler de tes \u0153uvres telles que mon \u00e2me les con\u00e7oit\u00a0! Tout me fait d\u00e9faut, mon Seigneur. Mais pourvu que tu ne m&rsquo;abandonnes pas, moi je ne t&rsquo;abandonnerai jamais&#8230;<\/p>\n<p>Je sais par exp\u00e9rience avec quels avantages tu fais sortir de l&rsquo;\u00e9preuve ceux qui ne mettent qu&rsquo;en toi leur confiance. Tandis que j&rsquo;\u00e9tais dans [une] affliction am\u00e8re&#8230;, ces seules paroles que j&rsquo;ai entendues&#8230; ont suffi pour dissiper ma peine et me mettre dans une tranquillit\u00e9 parfaite\u00a0: \u00ab\u00a0Ne crains rien, ma fille\u00a0; c&rsquo;est moi, je ne t&rsquo;abandonnerai pas. Ne crains rien\u00a0\u00bb&#8230; Et voici qu&rsquo;\u00e0 ces seules paroles, le calme se fait en moi, je me trouve forte, courageuse, rassur\u00e9e\u00a0; je sens rena\u00eetre la paix et la lumi\u00e8re. En un instant mon \u00e2me est transform\u00e9e.<\/p>\n<p>Sainte Th\u00e9r\u00e8se d&rsquo;Avila (1515-1582), carm\u00e9lite, docteur de l&rsquo;\u00c9glise<br \/>\n<i>Vie \u00e9crite par elle-m\u00eame, ch. 25 (trad. OC, Cerf 1995, p. 189 rev.)<\/i><\/p>\n<p>&nbsp;<\/p>\n<p>&nbsp;<\/p>\n","protected":false},"excerpt":{"rendered":"<p>&nbsp; Mon tendre ma\u00eetre, tu es bien l&rsquo;ami v\u00e9ritable\u00a0! \u00c9tant tout-puissant, ce que tu veux, tu le peux. Et jamais tu ne manques de vouloir, envers ceux qui t&rsquo;aiment. Que tout ce qui est ici-bas te loue, Seigneur\u00a0! Comment faire retentir ma voix dans tout l&rsquo;univers, pour annoncer combien tu es fid\u00e8le \u00e0 tes amis\u00a0? [&hellip;]<\/p>\n","protected":false},"author":2,"featured_media":0,"comment_status":"closed","ping_status":"closed","sticky":false,"template":"","format":"standard","meta":{"footnotes":""},"categories":[13,1261],"tags":[1109,1203],"class_list":["post-15922","post","type-post","status-publish","format-standard","hentry","category-ecritures","category-enseignement-2","tag-ste-therese-davila","tag-volonte-divine"],"_links":{"self":[{"href":"https:\/\/www.associationdemarie.org\/blog\/wp-json\/wp\/v2\/posts\/15922","targetHints":{"allow":["GET"]}}],"collection":[{"href":"https:\/\/www.associationdemarie.org\/blog\/wp-json\/wp\/v2\/posts"}],"about":[{"href":"https:\/\/www.associationdemarie.org\/blog\/wp-json\/wp\/v2\/types\/post"}],"author":[{"embeddable":true,"href":"https:\/\/www.associationdemarie.org\/blog\/wp-json\/wp\/v2\/users\/2"}],"replies":[{"embeddable":true,"href":"https:\/\/www.associationdemarie.org\/blog\/wp-json\/wp\/v2\/comments?post=15922"}],"version-history":[{"count":3,"href":"https:\/\/www.associationdemarie.org\/blog\/wp-json\/wp\/v2\/posts\/15922\/revisions"}],"predecessor-version":[{"id":15926,"href":"https:\/\/www.associationdemarie.org\/blog\/wp-json\/wp\/v2\/posts\/15922\/revisions\/15926"}],"wp:attachment":[{"href":"https:\/\/www.associationdemarie.org\/blog\/wp-json\/wp\/v2\/media?parent=15922"}],"wp:term":[{"taxonomy":"category","embeddable":true,"href":"https:\/\/www.associationdemarie.org\/blog\/wp-json\/wp\/v2\/categories?post=15922"},{"taxonomy":"post_tag","embeddable":true,"href":"https:\/\/www.associationdemarie.org\/blog\/wp-json\/wp\/v2\/tags?post=15922"}],"curies":[{"name":"wp","href":"https:\/\/api.w.org\/{rel}","templated":true}]}}