{"id":15895,"date":"2018-02-05T01:27:57","date_gmt":"2018-02-05T00:27:57","guid":{"rendered":"http:\/\/www.associationdemarie.org\/blog\/?p=15895"},"modified":"2018-01-20T07:33:05","modified_gmt":"2018-01-20T06:33:05","slug":"tous-ceux-qui-le-touchaient-etaient-sauves","status":"publish","type":"post","link":"https:\/\/www.associationdemarie.org\/blog\/tous-ceux-qui-le-touchaient-etaient-sauves\/","title":{"rendered":"\u00ab Tous ceux qui le touchaient \u00e9taient sauv\u00e9s. \u00bb"},"content":{"rendered":"<p><a href=\"https:\/\/www.associationdemarie.org\/blog\/wp-content\/uploads\/2018\/01\/light-of-the-world-greg-olsen.jpg\"><img loading=\"lazy\" decoding=\"async\" class=\"aligncenter  wp-image-15896\" src=\"https:\/\/www.associationdemarie.org\/blog\/wp-content\/uploads\/2018\/01\/light-of-the-world-greg-olsen.jpg\" alt=\"light-of-the-world-greg-olsen\" width=\"366\" height=\"458\" srcset=\"https:\/\/www.associationdemarie.org\/blog\/wp-content\/uploads\/2018\/01\/light-of-the-world-greg-olsen.jpg 720w, https:\/\/www.associationdemarie.org\/blog\/wp-content\/uploads\/2018\/01\/light-of-the-world-greg-olsen-240x300.jpg 240w\" sizes=\"auto, (max-width: 366px) 100vw, 366px\" \/><\/a><\/p>\n<p>Quand J\u00e9sus \u00e9tait en ce monde, le simple contact de ses v\u00eatements gu\u00e9rissait les malades. Pourquoi douter, si nous avons la foi, qu&rsquo;il ne fasse encore des miracles en notre faveur quand il est si intimement uni \u00e0 nous dans la communion eucharistique\u00a0? Pourquoi ne nous donnera-t-il pas ce que nous lui demandons puisqu&rsquo;il est dans sa propre maison\u00a0? Sa Majest\u00e9 n&rsquo;a pas coutume de mal payer l&rsquo;hospitalit\u00e9 qu&rsquo;on lui donne en notre \u00e2me, si on lui fait bon accueil. \u00c9prouvez-vous de la peine de ne pas contempler notre Seigneur avec les yeux du corps\u00a0? Dites-vous que ce n&rsquo;est pas ce qui vous convient actuellement&#8230;<\/p>\n<p>Mais d\u00e8s que notre Seigneur voit qu&rsquo;une \u00e2me va profiter de sa pr\u00e9sence, il se d\u00e9couvre \u00e0 elle. Elle ne le verra pas, certes, des yeux du corps, mais il se manifestera \u00e0 elle par de grands sentiments int\u00e9rieurs ou par bien d&rsquo;autres moyens. Restez donc avec lui de bon c\u0153ur. Ne perdez pas une occasion aussi favorable pour traiter de vos int\u00e9r\u00eats que l&rsquo;heure qui suit la communion.<\/p>\n<p>Sainte Th\u00e9r\u00e8se d&rsquo;Avila (1515-1582), carm\u00e9lite, docteur de l&rsquo;\u00c9glise<br \/>\n<i>Le Chemin de la perfection, ch. 34 (trad. Seuil 1961, p. 201 ; cf OC, Cerf 1995, p. 833)<\/i><\/p>\n<p>&nbsp;<\/p>\n<p>&nbsp;<\/p>\n","protected":false},"excerpt":{"rendered":"<p>Quand J\u00e9sus \u00e9tait en ce monde, le simple contact de ses v\u00eatements gu\u00e9rissait les malades. Pourquoi douter, si nous avons la foi, qu&rsquo;il ne fasse encore des miracles en notre faveur quand il est si intimement uni \u00e0 nous dans la communion eucharistique\u00a0? Pourquoi ne nous donnera-t-il pas ce que nous lui demandons puisqu&rsquo;il est [&hellip;]<\/p>\n","protected":false},"author":2,"featured_media":0,"comment_status":"closed","ping_status":"closed","sticky":false,"template":"","format":"standard","meta":{"footnotes":""},"categories":[13,1261],"tags":[385,676,1109],"class_list":["post-15895","post","type-post","status-publish","format-standard","hentry","category-ecritures","category-enseignement-2","tag-eucharistie","tag-miracle","tag-ste-therese-davila"],"_links":{"self":[{"href":"https:\/\/www.associationdemarie.org\/blog\/wp-json\/wp\/v2\/posts\/15895","targetHints":{"allow":["GET"]}}],"collection":[{"href":"https:\/\/www.associationdemarie.org\/blog\/wp-json\/wp\/v2\/posts"}],"about":[{"href":"https:\/\/www.associationdemarie.org\/blog\/wp-json\/wp\/v2\/types\/post"}],"author":[{"embeddable":true,"href":"https:\/\/www.associationdemarie.org\/blog\/wp-json\/wp\/v2\/users\/2"}],"replies":[{"embeddable":true,"href":"https:\/\/www.associationdemarie.org\/blog\/wp-json\/wp\/v2\/comments?post=15895"}],"version-history":[{"count":2,"href":"https:\/\/www.associationdemarie.org\/blog\/wp-json\/wp\/v2\/posts\/15895\/revisions"}],"predecessor-version":[{"id":15898,"href":"https:\/\/www.associationdemarie.org\/blog\/wp-json\/wp\/v2\/posts\/15895\/revisions\/15898"}],"wp:attachment":[{"href":"https:\/\/www.associationdemarie.org\/blog\/wp-json\/wp\/v2\/media?parent=15895"}],"wp:term":[{"taxonomy":"category","embeddable":true,"href":"https:\/\/www.associationdemarie.org\/blog\/wp-json\/wp\/v2\/categories?post=15895"},{"taxonomy":"post_tag","embeddable":true,"href":"https:\/\/www.associationdemarie.org\/blog\/wp-json\/wp\/v2\/tags?post=15895"}],"curies":[{"name":"wp","href":"https:\/\/api.w.org\/{rel}","templated":true}]}}