{"id":15840,"date":"2018-01-24T01:34:23","date_gmt":"2018-01-24T00:34:23","guid":{"rendered":"http:\/\/www.associationdemarie.org\/blog\/?p=15840"},"modified":"2018-01-08T21:38:32","modified_gmt":"2018-01-08T20:38:32","slug":"semer-dans-le-monde-entier","status":"publish","type":"post","link":"https:\/\/www.associationdemarie.org\/blog\/semer-dans-le-monde-entier\/","title":{"rendered":"Semer dans le monde entier"},"content":{"rendered":"<p><a href=\"https:\/\/www.associationdemarie.org\/blog\/wp-content\/uploads\/2018\/01\/19805024_s-350x350.jpg\"><img loading=\"lazy\" decoding=\"async\" class=\"aligncenter size-full wp-image-15841\" src=\"https:\/\/www.associationdemarie.org\/blog\/wp-content\/uploads\/2018\/01\/19805024_s-350x350.jpg\" alt=\"19805024_s-350x350\" width=\"350\" height=\"350\" srcset=\"https:\/\/www.associationdemarie.org\/blog\/wp-content\/uploads\/2018\/01\/19805024_s-350x350.jpg 350w, https:\/\/www.associationdemarie.org\/blog\/wp-content\/uploads\/2018\/01\/19805024_s-350x350-150x150.jpg 150w, https:\/\/www.associationdemarie.org\/blog\/wp-content\/uploads\/2018\/01\/19805024_s-350x350-300x300.jpg 300w\" sizes=\"auto, (max-width: 350px) 100vw, 350px\" \/><\/a><\/p>\n<p>\u00ab\u00a0Voici que le semeur est sorti pour semer.\u00a0\u00bb La sc\u00e8ne est d&rsquo;actualit\u00e9. Aujourd&rsquo;hui le semeur divin s\u00e8me encore sa semence \u00e0 la vol\u00e9e. L&rsquo;\u0153uvre de salut continue de se r\u00e9aliser, et le Seigneur veut se servir de nous\u00a0; il d\u00e9sire que nous, les chr\u00e9tiens, nous ouvrions \u00e0 son amour tous les chemins de la terre\u00a0; il nous invite \u00e0 propager son message divin, par la doctrine et par l&rsquo;exemple, jusqu&rsquo;aux confins du monde. Il nous demande, \u00e0 nous, citoyens de la soci\u00e9t\u00e9 qu&rsquo;est l&rsquo;\u00c9glise, et citoyens de la soci\u00e9t\u00e9 civile, d&rsquo;\u00eatre chacun un autre Christ dans l&rsquo;accomplissement fid\u00e8le de ses devoirs, en sanctifiant son travail professionnel et les obligations de son \u00e9tat.<\/p>\n<p>Si nous consid\u00e9rons ce monde qui nous entoure, et que nous aimons parce qu&rsquo;il est l&rsquo;\u0153uvre de Dieu, nous y verrons se r\u00e9aliser la parabole\u00a0: la parole de J\u00e9sus est f\u00e9conde, elle suscite en de nombreuses \u00e2mes la soif de se donner et d&rsquo;\u00eatre fid\u00e8les. La vie et le comportement de ceux qui servent Dieu ont modifi\u00e9 l&rsquo;histoire, et m\u00eame beaucoup de ceux qui ne connaissent pas le Seigneur sont mus, peut-\u00eatre sans le savoir, par des id\u00e9aux dont l&rsquo;origine se trouve dans le christianisme.<\/p>\n<p>Nous voyons aussi qu&rsquo;une partie de la semence tombe dans la terre st\u00e9rile, ou parmi les \u00e9pines et les broussailles\u00a0; qu&rsquo;il y a des c\u0153urs qui se ferment \u00e0 la lumi\u00e8re de la foi. Si les id\u00e9aux de paix, de r\u00e9conciliation, de fraternit\u00e9 sont accept\u00e9s et proclam\u00e9s, ils sont trop souvent d\u00e9mentis par les faits. Quelques-uns s&rsquo;acharnent en vain \u00e0 b\u00e2illonner la voix de Dieu, en ayant recours, pour emp\u00eacher sa diffusion, soit \u00e0 la force brutale, soit \u00e0 une arme moins bruyante mais peut-\u00eatre plus cruelle parce qu&rsquo;elle insensibilise l&rsquo;esprit\u00a0: l&rsquo;indiff\u00e9rence.<\/p>\n<p>Saint Jos\u00e9maria Escriva de Balaguer (1902-1975), pr\u00eatre, fondateur<br \/>\n<i>Hom\u00e9lie du 28 mai 1964, jour de la F\u00eate-Dieu (Es Cristo que pasa ; trad. Quand le Christ passe, Le Laurier 1989, p.269)<\/i><\/p>\n<p>&nbsp;<\/p>\n<p>&nbsp;<\/p>\n<p>&nbsp;<\/p>\n","protected":false},"excerpt":{"rendered":"<p>\u00ab\u00a0Voici que le semeur est sorti pour semer.\u00a0\u00bb La sc\u00e8ne est d&rsquo;actualit\u00e9. Aujourd&rsquo;hui le semeur divin s\u00e8me encore sa semence \u00e0 la vol\u00e9e. L&rsquo;\u0153uvre de salut continue de se r\u00e9aliser, et le Seigneur veut se servir de nous\u00a0; il d\u00e9sire que nous, les chr\u00e9tiens, nous ouvrions \u00e0 son amour tous les chemins de la terre\u00a0; [&hellip;]<\/p>\n","protected":false},"author":2,"featured_media":0,"comment_status":"closed","ping_status":"closed","sticky":false,"template":"","format":"standard","meta":{"footnotes":""},"categories":[13,1261,16],"tags":[770,973,1217],"class_list":["post-15840","post","type-post","status-publish","format-standard","hentry","category-ecritures","category-enseignement-2","category-jardins-de-la-bible","tag-parole","tag-semeur","tag-st-josemaria-escriva-de-balaguer"],"_links":{"self":[{"href":"https:\/\/www.associationdemarie.org\/blog\/wp-json\/wp\/v2\/posts\/15840","targetHints":{"allow":["GET"]}}],"collection":[{"href":"https:\/\/www.associationdemarie.org\/blog\/wp-json\/wp\/v2\/posts"}],"about":[{"href":"https:\/\/www.associationdemarie.org\/blog\/wp-json\/wp\/v2\/types\/post"}],"author":[{"embeddable":true,"href":"https:\/\/www.associationdemarie.org\/blog\/wp-json\/wp\/v2\/users\/2"}],"replies":[{"embeddable":true,"href":"https:\/\/www.associationdemarie.org\/blog\/wp-json\/wp\/v2\/comments?post=15840"}],"version-history":[{"count":1,"href":"https:\/\/www.associationdemarie.org\/blog\/wp-json\/wp\/v2\/posts\/15840\/revisions"}],"predecessor-version":[{"id":15842,"href":"https:\/\/www.associationdemarie.org\/blog\/wp-json\/wp\/v2\/posts\/15840\/revisions\/15842"}],"wp:attachment":[{"href":"https:\/\/www.associationdemarie.org\/blog\/wp-json\/wp\/v2\/media?parent=15840"}],"wp:term":[{"taxonomy":"category","embeddable":true,"href":"https:\/\/www.associationdemarie.org\/blog\/wp-json\/wp\/v2\/categories?post=15840"},{"taxonomy":"post_tag","embeddable":true,"href":"https:\/\/www.associationdemarie.org\/blog\/wp-json\/wp\/v2\/tags?post=15840"}],"curies":[{"name":"wp","href":"https:\/\/api.w.org\/{rel}","templated":true}]}}