{"id":15814,"date":"2018-01-19T01:16:31","date_gmt":"2018-01-19T00:16:31","guid":{"rendered":"http:\/\/www.associationdemarie.org\/blog\/?p=15814"},"modified":"2018-01-17T17:10:40","modified_gmt":"2018-01-17T16:10:40","slug":"il-appela-ceux-quil-voulait","status":"publish","type":"post","link":"https:\/\/www.associationdemarie.org\/blog\/il-appela-ceux-quil-voulait\/","title":{"rendered":"\u00ab Il appela ceux qu&rsquo;il voulait. \u00bb"},"content":{"rendered":"<p><a href=\"https:\/\/www.associationdemarie.org\/blog\/wp-content\/uploads\/2018\/01\/054_lr1000443.jpg\"><img loading=\"lazy\" decoding=\"async\" class=\"aligncenter wp-image-15815\" src=\"https:\/\/www.associationdemarie.org\/blog\/wp-content\/uploads\/2018\/01\/054_lr1000443.jpg\" alt=\"054_lr1000443\" width=\"453\" height=\"317\" srcset=\"https:\/\/www.associationdemarie.org\/blog\/wp-content\/uploads\/2018\/01\/054_lr1000443.jpg 650w, https:\/\/www.associationdemarie.org\/blog\/wp-content\/uploads\/2018\/01\/054_lr1000443-300x210.jpg 300w\" sizes=\"auto, (max-width: 453px) 100vw, 453px\" \/><\/a><\/p>\n<p>Ce saint synode, \u00e0 l&rsquo;exemple du Concile Vatican I, enseigne avec lui et d\u00e9clare que J\u00e9sus Christ, Pasteur \u00e9ternel, a \u00e9difi\u00e9 la sainte \u00c9glise en envoyant les ap\u00f4tres comme lui-m\u00eame avait \u00e9t\u00e9 envoy\u00e9 par le P\u00e8re et a voulu que leurs successeurs, c&rsquo;est-\u00e0-dire les \u00e9v\u00eaques, soient dans son \u00c9glise pasteurs jusqu&rsquo;\u00e0 la fin des temps. Et afin que l&rsquo;\u00e9piscopat lui-m\u00eame soit un et sans fissure, il a mis \u00e0 la t\u00eate des autres ap\u00f4tres le bienheureux Pierre qu&rsquo;il a \u00e9tabli comme principe et fondement perp\u00e9tuel autant que visible de l&rsquo;unit\u00e9 de la foi et de la communion&#8230;<\/p>\n<p>Le Seigneur J\u00e9sus, apr\u00e8s avoir pri\u00e9 le P\u00e8re, a appel\u00e9 \u00e0 lui ceux qu&rsquo;il voulait et en a nomm\u00e9 douze qu&rsquo;il prendrait avec lui et qu&rsquo;il enverrait pr\u00eacher le Royaume de Dieu\u00a0; et ces ap\u00f4tres il les a constitu\u00e9s en coll\u00e8ge ou corps stable, \u00e0 la t\u00eate duquel il a mis Pierre, choisi parmi eux. Il les a envoy\u00e9s d&rsquo;abord aux enfants d&rsquo;Isra\u00ebl et puis \u00e0 toutes les nations afin que, rev\u00eatus de son autorit\u00e9, ils fassent de tous les peuples ses disciples, les sanctifient et les gouvernent. Ainsi ils propagent l&rsquo;\u00c9glise et, sous la conduite du Seigneur, ils en sont les ministres et les pasteurs, tous les jours jusqu&rsquo;\u00e0 la fin du monde. Ils ont \u00e9t\u00e9 pleinement confirm\u00e9s dans cette mission le jour de la Pentec\u00f4te selon la promesse du Seigneur\u00a0 : \u00ab\u00a0Vous recevrez une force, celle du Saint-Esprit qui viendra sur vous, et vous serez mes t\u00e9moins \u00e0 J\u00e9rusalem, dans toute la Jud\u00e9e et la Samarie, et jusqu&rsquo;aux extr\u00e9mit\u00e9s de la terre\u00a0\u00bb.<\/p>\n<p>Les ap\u00f4tres, donc, pr\u00eachant partout l&rsquo;\u00c9vangile, qui a \u00e9t\u00e9 accueilli par les auditeurs sous la motion du Saint-Esprit, ont rassembl\u00e9 l&rsquo;\u00c9glise universelle que le Seigneur avait fond\u00e9e dans les ap\u00f4tres et qu&rsquo;il avait \u00e9difi\u00e9e sur le bienheureux Pierre, leur chef, J\u00e9sus Christ \u00e9tant lui-m\u00eame la supr\u00eame pierre angulaire. La mission divine confi\u00e9e par le Christ aux ap\u00f4tres durera jusqu&rsquo;\u00e0 la fin des temps, puisque l&rsquo;\u00c9vangile qu&rsquo;ils doivent pr\u00eacher est de tout temps pour l&rsquo;\u00c9glise le principe de sa vie enti\u00e8re.<\/p>\n<p>R\u00e9f\u00e9rences bibliques\u00a0: Jn 20,21\u00a0; Mc 3,13-19\u00a0; Mt 10,1-42\u00a0; Lc 6,13\u00a0; Jn 21,15-17\u00a0; Rm 1,16\u00a0; Mt 28,16-20\u00a0; Mc 16,15\u00a0; Lc 24,45-48\u00a0; Jn 20,21-23\u00a0; Mt 28,20\u00a0; Ac 2,1-36\u00a0; Ac 1,8\u00a0; Mc 16,20\u00a0; Ap 21,14\u00a0; Mt 16,18\u00a0; Ep 2, 20\u00a0; Mt 28,20.<\/p>\n<p>Concile Vatican II<br \/>\n<i>Constitution dogmatique sur l&rsquo;\u00c9glise, \u00ab Lumen Gentium \u00bb, \u00a7 18-19<\/i><\/p>\n<p>&nbsp;<\/p>\n<p>&nbsp;<\/p>\n<figure id=\"attachment_15886\" aria-describedby=\"caption-attachment-15886\" style=\"width: 457px\" class=\"wp-caption aligncenter\"><a href=\"https:\/\/www.associationdemarie.org\/blog\/wp-content\/uploads\/2018\/01\/MMDHjan17.png\"><img loading=\"lazy\" decoding=\"async\" class=\" wp-image-15886\" src=\"https:\/\/www.associationdemarie.org\/blog\/wp-content\/uploads\/2018\/01\/MMDHjan17.png\" alt=\"En union de pri\u00e8re, tous les vendredis soir, \u00e0 la demande de Marie M\u00e8re des hommes, de 21h30 \u00e0 22h00.\" width=\"457\" height=\"333\" srcset=\"https:\/\/www.associationdemarie.org\/blog\/wp-content\/uploads\/2018\/01\/MMDHjan17.png 1300w, https:\/\/www.associationdemarie.org\/blog\/wp-content\/uploads\/2018\/01\/MMDHjan17-300x218.png 300w, https:\/\/www.associationdemarie.org\/blog\/wp-content\/uploads\/2018\/01\/MMDHjan17-1024x745.png 1024w\" sizes=\"auto, (max-width: 457px) 100vw, 457px\" \/><\/a><figcaption id=\"caption-attachment-15886\" class=\"wp-caption-text\">En union de pri\u00e8re, tous les vendredis soir, \u00e0 la demande de Marie M\u00e8re des hommes, de 21h30 \u00e0 22h00.<\/figcaption><\/figure>\n<p>&nbsp;<\/p>\n<p>&nbsp;<\/p>\n<p>&nbsp;<\/p>\n<p>&nbsp;<\/p>\n","protected":false},"excerpt":{"rendered":"<p>Ce saint synode, \u00e0 l&rsquo;exemple du Concile Vatican I, enseigne avec lui et d\u00e9clare que J\u00e9sus Christ, Pasteur \u00e9ternel, a \u00e9difi\u00e9 la sainte \u00c9glise en envoyant les ap\u00f4tres comme lui-m\u00eame avait \u00e9t\u00e9 envoy\u00e9 par le P\u00e8re et a voulu que leurs successeurs, c&rsquo;est-\u00e0-dire les \u00e9v\u00eaques, soient dans son \u00c9glise pasteurs jusqu&rsquo;\u00e0 la fin des temps. [&hellip;]<\/p>\n","protected":false},"author":2,"featured_media":0,"comment_status":"closed","ping_status":"closed","sticky":false,"template":"","format":"standard","meta":{"footnotes":""},"categories":[13,1261,17,19],"tags":[84,640,1174],"class_list":["post-15814","post","type-post","status-publish","format-standard","hentry","category-ecritures","category-enseignement-2","category-maison-de-marie-dardouane","category-messages","tag-apotres","tag-marie-mere-des-hommes","tag-vatican-2"],"_links":{"self":[{"href":"https:\/\/www.associationdemarie.org\/blog\/wp-json\/wp\/v2\/posts\/15814","targetHints":{"allow":["GET"]}}],"collection":[{"href":"https:\/\/www.associationdemarie.org\/blog\/wp-json\/wp\/v2\/posts"}],"about":[{"href":"https:\/\/www.associationdemarie.org\/blog\/wp-json\/wp\/v2\/types\/post"}],"author":[{"embeddable":true,"href":"https:\/\/www.associationdemarie.org\/blog\/wp-json\/wp\/v2\/users\/2"}],"replies":[{"embeddable":true,"href":"https:\/\/www.associationdemarie.org\/blog\/wp-json\/wp\/v2\/comments?post=15814"}],"version-history":[{"count":4,"href":"https:\/\/www.associationdemarie.org\/blog\/wp-json\/wp\/v2\/posts\/15814\/revisions"}],"predecessor-version":[{"id":15888,"href":"https:\/\/www.associationdemarie.org\/blog\/wp-json\/wp\/v2\/posts\/15814\/revisions\/15888"}],"wp:attachment":[{"href":"https:\/\/www.associationdemarie.org\/blog\/wp-json\/wp\/v2\/media?parent=15814"}],"wp:term":[{"taxonomy":"category","embeddable":true,"href":"https:\/\/www.associationdemarie.org\/blog\/wp-json\/wp\/v2\/categories?post=15814"},{"taxonomy":"post_tag","embeddable":true,"href":"https:\/\/www.associationdemarie.org\/blog\/wp-json\/wp\/v2\/tags?post=15814"}],"curies":[{"name":"wp","href":"https:\/\/api.w.org\/{rel}","templated":true}]}}