{"id":15770,"date":"2018-01-09T01:52:36","date_gmt":"2018-01-09T00:52:36","guid":{"rendered":"http:\/\/www.associationdemarie.org\/blog\/?p=15770"},"modified":"2017-12-20T08:37:02","modified_gmt":"2017-12-20T07:37:02","slug":"es-tu-venu-pour-nous-perdre-2","status":"publish","type":"post","link":"https:\/\/www.associationdemarie.org\/blog\/es-tu-venu-pour-nous-perdre-2\/","title":{"rendered":"\u00ab Es-tu venu pour nous perdre ? \u00bb"},"content":{"rendered":"<p><a href=\"https:\/\/www.associationdemarie.org\/blog\/wp-content\/uploads\/2017\/12\/notre-pre-10-728.jpg\"><img loading=\"lazy\" decoding=\"async\" class=\"aligncenter wp-image-15771\" src=\"https:\/\/www.associationdemarie.org\/blog\/wp-content\/uploads\/2017\/12\/notre-pre-10-728.jpg\" alt=\"notre-pre-10-728\" width=\"451\" height=\"338\" srcset=\"https:\/\/www.associationdemarie.org\/blog\/wp-content\/uploads\/2017\/12\/notre-pre-10-728.jpg 728w, https:\/\/www.associationdemarie.org\/blog\/wp-content\/uploads\/2017\/12\/notre-pre-10-728-300x225.jpg 300w\" sizes=\"auto, (max-width: 451px) 100vw, 451px\" \/><\/a><\/p>\n<p>\u00ab\u00a0Mais d\u00e9livre-nous du Mal\u00a0\u00bb\u00a0: dans cette demande du Notre P\u00e8re, le Mal n&rsquo;est pas une abstraction, mais il d\u00e9signe une personne, Satan, le Mauvais, l&rsquo;ange qui s&rsquo;oppose \u00e0 Dieu. Le \u00ab\u00a0diable\u00a0\u00bb (dia-bolos) est celui qui \u00ab\u00a0se jette en travers\u00a0\u00bb du dessein de Dieu et de son \u0153uvre de salut accomplie dans le Christ. \u00ab\u00a0Homicide d\u00e8s l&rsquo;origine, menteur et p\u00e8re du mensonge\u00a0\u00bb (Jn 8,44), \u00ab\u00a0le Satan, le s\u00e9ducteur du monde entier\u00a0\u00bb (Ap 12,9), c&rsquo;est par lui que le p\u00e9ch\u00e9 et la mort sont entr\u00e9s dans le monde et c&rsquo;est par sa d\u00e9faite d\u00e9finitive que la cr\u00e9ation toute enti\u00e8re sera \u00ab\u00a0lib\u00e9r\u00e9e du p\u00e9ch\u00e9 et de la mort\u00a0\u00bb (PE IV). \u00ab\u00a0Nous le savons\u00a0: l&rsquo;homme qui est n\u00e9 de Dieu ne commet pas le p\u00e9ch\u00e9\u00a0; le Fils qui est n\u00e9 de Dieu le prot\u00e8ge et le Mauvais ne peut pas l&rsquo;atteindre. Nous savons que nous appartenons \u00e0 Dieu, alors que le monde entier est domin\u00e9 par le Mauvais\u00a0\u00bb (1Jn 5,18-19)&#8230;<\/p>\n<p>La victoire sur le \u00ab\u00a0prince de ce monde\u00a0\u00bb (Jn 14,30) est acquise, une fois pour toutes, \u00e0 l&rsquo;heure o\u00f9 J\u00e9sus se livre librement \u00e0 la mort pour nous donner sa vie. C&rsquo;est le jugement de ce monde et le prince de ce monde est \u00ab\u00a0jet\u00e9 bas\u00a0\u00bb (Jn 12,31). \u00ab\u00a0Il se lance \u00e0 la poursuite de la Femme\u00a0\u00bb, mais il n&rsquo;a pas de prise sur elle\u00a0: la nouvelle \u00c8ve, \u00ab\u00a0pleine de gr\u00e2ce\u00a0\u00bb de l&rsquo;Esprit Saint, est lib\u00e9r\u00e9e du p\u00e9ch\u00e9 et de la corruption de la mort&#8230; \u00ab\u00a0Alors, furieux de d\u00e9pit contre la Femme, il s&rsquo;en va guerroyer contre le reste de ses enfants\u00a0\u00bb (Ap 12,13.17). C&rsquo;est pourquoi l&rsquo;Esprit et l&rsquo;\u00c9glise prient\u00a0: \u00ab\u00a0Viens, Seigneur J\u00e9sus\u00a0\u00bb (Ap 22,17.20) puisque sa venue nous d\u00e9livrera du Mauvais.<\/p>\n<p>En demandant d&rsquo;\u00eatre d\u00e9livr\u00e9s du Mauvais, nous prions \u00e9galement pour \u00eatre lib\u00e9r\u00e9s de tous les maux, pr\u00e9sents, pass\u00e9s et futurs, dont il est l&rsquo;auteur ou l&rsquo;instigateur. Dans cette ultime demande, l&rsquo;\u00c9glise porte toute la d\u00e9tresse du monde devant le P\u00e8re. Avec la d\u00e9livrance des maux qui accablent l&rsquo;humanit\u00e9 elle implore le don pr\u00e9cieux de la paix et la gr\u00e2ce de l&rsquo;attente pers\u00e9v\u00e9rante du retour du Christ. En priant ainsi, elle anticipe dans l&rsquo;humilit\u00e9 de la foi la r\u00e9capitulation de tous et de tout en celui qui \u00ab\u00a0d\u00e9tient la clef de la mort et de l&rsquo;Had\u00e8s\u00a0\u00bb, \u00ab\u00a0le Ma\u00eetre de tout, Il est, Il \u00e9tait et Il vient\u00a0\u00bb (Ap 1,18.8)<\/p>\n<p>Cat\u00e9chisme de l&rsquo;\u00c9glise catholique<br \/>\n<i>\u00a7 2851-2854<\/i><\/p>\n<p>&nbsp;<\/p>\n<p>&nbsp;<\/p>\n<p>&nbsp;<\/p>\n","protected":false},"excerpt":{"rendered":"<p>\u00ab\u00a0Mais d\u00e9livre-nous du Mal\u00a0\u00bb\u00a0: dans cette demande du Notre P\u00e8re, le Mal n&rsquo;est pas une abstraction, mais il d\u00e9signe une personne, Satan, le Mauvais, l&rsquo;ange qui s&rsquo;oppose \u00e0 Dieu. Le \u00ab\u00a0diable\u00a0\u00bb (dia-bolos) est celui qui \u00ab\u00a0se jette en travers\u00a0\u00bb du dessein de Dieu et de son \u0153uvre de salut accomplie dans le Christ. \u00ab\u00a0Homicide d\u00e8s [&hellip;]<\/p>\n","protected":false},"author":2,"featured_media":0,"comment_status":"closed","ping_status":"closed","sticky":false,"template":"","format":"standard","meta":{"footnotes":""},"categories":[13,1261],"tags":[188,623],"class_list":["post-15770","post","type-post","status-publish","format-standard","hentry","category-ecritures","category-enseignement-2","tag-catechisme","tag-malin"],"_links":{"self":[{"href":"https:\/\/www.associationdemarie.org\/blog\/wp-json\/wp\/v2\/posts\/15770","targetHints":{"allow":["GET"]}}],"collection":[{"href":"https:\/\/www.associationdemarie.org\/blog\/wp-json\/wp\/v2\/posts"}],"about":[{"href":"https:\/\/www.associationdemarie.org\/blog\/wp-json\/wp\/v2\/types\/post"}],"author":[{"embeddable":true,"href":"https:\/\/www.associationdemarie.org\/blog\/wp-json\/wp\/v2\/users\/2"}],"replies":[{"embeddable":true,"href":"https:\/\/www.associationdemarie.org\/blog\/wp-json\/wp\/v2\/comments?post=15770"}],"version-history":[{"count":2,"href":"https:\/\/www.associationdemarie.org\/blog\/wp-json\/wp\/v2\/posts\/15770\/revisions"}],"predecessor-version":[{"id":15773,"href":"https:\/\/www.associationdemarie.org\/blog\/wp-json\/wp\/v2\/posts\/15770\/revisions\/15773"}],"wp:attachment":[{"href":"https:\/\/www.associationdemarie.org\/blog\/wp-json\/wp\/v2\/media?parent=15770"}],"wp:term":[{"taxonomy":"category","embeddable":true,"href":"https:\/\/www.associationdemarie.org\/blog\/wp-json\/wp\/v2\/categories?post=15770"},{"taxonomy":"post_tag","embeddable":true,"href":"https:\/\/www.associationdemarie.org\/blog\/wp-json\/wp\/v2\/tags?post=15770"}],"curies":[{"name":"wp","href":"https:\/\/api.w.org\/{rel}","templated":true}]}}