{"id":15763,"date":"2018-01-07T01:32:47","date_gmt":"2018-01-07T00:32:47","guid":{"rendered":"http:\/\/www.associationdemarie.org\/blog\/?p=15763"},"modified":"2017-12-17T06:34:23","modified_gmt":"2017-12-17T05:34:23","slug":"epiphanie-du-seigneur-solennite","status":"publish","type":"post","link":"https:\/\/www.associationdemarie.org\/blog\/epiphanie-du-seigneur-solennite\/","title":{"rendered":"\u00c9piphanie du Seigneur, Solennit\u00e9"},"content":{"rendered":"<p><a href=\"https:\/\/www.associationdemarie.org\/blog\/wp-content\/uploads\/2017\/12\/Icone-Epiphanie.jpg\"><img loading=\"lazy\" decoding=\"async\" class=\"aligncenter  wp-image-15764\" src=\"https:\/\/www.associationdemarie.org\/blog\/wp-content\/uploads\/2017\/12\/Icone-Epiphanie.jpg\" alt=\"Icone Epiphanie\" width=\"450\" height=\"341\" srcset=\"https:\/\/www.associationdemarie.org\/blog\/wp-content\/uploads\/2017\/12\/Icone-Epiphanie.jpg 600w, https:\/\/www.associationdemarie.org\/blog\/wp-content\/uploads\/2017\/12\/Icone-Epiphanie-300x227.jpg 300w\" sizes=\"auto, (max-width: 450px) 100vw, 450px\" \/><\/a><\/p>\n<p>Les personnes r\u00e9unies autour de la cr\u00e8che nous offrent d\u00e9j\u00e0 une image de l&rsquo;\u00c9glise et de son d\u00e9ploiement. Les repr\u00e9sentants de l&rsquo;ancienne lign\u00e9e royale \u00e0 qui \u00e9tait promis le Sauveur du monde et les repr\u00e9sentants du peuple croyant font le lien entre l&rsquo;ancienne et la nouvelle Alliance. Les rois du lointain Orient figurent les peuples pa\u00efens qui devaient recevoir le salut de Juda (Jn 4,22). Ainsi, \u00ab\u00a0l&rsquo;\u00c9glise issue des Juifs et des pa\u00efens\u00a0\u00bb est d\u00e9j\u00e0 pr\u00e9sente ici.<\/p>\n<p>\u00c0 la cr\u00e8che, les rois mages sont les repr\u00e9sentants des chercheurs de Dieu de tous pays et de toutes nations. La gr\u00e2ce les a conduits avant m\u00eame qu&rsquo;ils n&rsquo;appartiennent \u00e0 l&rsquo;\u00c9glise visible. Un pur d\u00e9sir de la v\u00e9rit\u00e9 les habitait, qui ne s&rsquo;en tenait pas aux limites des enseignements et des traditions de leurs pays. Parce que Dieu est v\u00e9rit\u00e9 et qu&rsquo;il veut se laisser trouver par ceux qui le cherchent de tout leur c\u0153ur (Jr 29,13), l&rsquo;\u00e9toile devait t\u00f4t ou tard briller aux yeux de ces sages pour leur indiquer le chemin vers la v\u00e9rit\u00e9. C&rsquo;est ainsi qu&rsquo;ils se sont retrouv\u00e9s devant la V\u00e9rit\u00e9 faite homme, qu&rsquo;ils se prosternent en l&rsquo;adorant et d\u00e9posent \u00e0 ses pieds leur couronne car, compar\u00e9es \u00e0 elle, toutes les richesses du monde ne sont qu&rsquo;un peu de poussi\u00e8re.<\/p>\n<p>Sainte Th\u00e9r\u00e8se-B\u00e9n\u00e9dicte de la Croix [\u00c9dith Stein] (1891-1942), carm\u00e9lite, martyre, copatronne de l&rsquo;Europe<br \/>\n<i>Vie cach\u00e9e et Epiphanie (trad. Source cach\u00e9e, Cerf 1999, p. 245)<\/i><\/p>\n<p>&nbsp;<\/p>\n<p>&nbsp;<\/p>\n<p>&nbsp;<\/p>\n","protected":false},"excerpt":{"rendered":"<p>Les personnes r\u00e9unies autour de la cr\u00e8che nous offrent d\u00e9j\u00e0 une image de l&rsquo;\u00c9glise et de son d\u00e9ploiement. Les repr\u00e9sentants de l&rsquo;ancienne lign\u00e9e royale \u00e0 qui \u00e9tait promis le Sauveur du monde et les repr\u00e9sentants du peuple croyant font le lien entre l&rsquo;ancienne et la nouvelle Alliance. Les rois du lointain Orient figurent les peuples [&hellip;]<\/p>\n","protected":false},"author":2,"featured_media":0,"comment_status":"closed","ping_status":"closed","sticky":false,"template":"","format":"standard","meta":{"footnotes":""},"categories":[13,1261],"tags":[366,1108],"class_list":["post-15763","post","type-post","status-publish","format-standard","hentry","category-ecritures","category-enseignement-2","tag-epiphanie","tag-ste-therese-benedicte-de-la-croix"],"_links":{"self":[{"href":"https:\/\/www.associationdemarie.org\/blog\/wp-json\/wp\/v2\/posts\/15763","targetHints":{"allow":["GET"]}}],"collection":[{"href":"https:\/\/www.associationdemarie.org\/blog\/wp-json\/wp\/v2\/posts"}],"about":[{"href":"https:\/\/www.associationdemarie.org\/blog\/wp-json\/wp\/v2\/types\/post"}],"author":[{"embeddable":true,"href":"https:\/\/www.associationdemarie.org\/blog\/wp-json\/wp\/v2\/users\/2"}],"replies":[{"embeddable":true,"href":"https:\/\/www.associationdemarie.org\/blog\/wp-json\/wp\/v2\/comments?post=15763"}],"version-history":[{"count":2,"href":"https:\/\/www.associationdemarie.org\/blog\/wp-json\/wp\/v2\/posts\/15763\/revisions"}],"predecessor-version":[{"id":15766,"href":"https:\/\/www.associationdemarie.org\/blog\/wp-json\/wp\/v2\/posts\/15763\/revisions\/15766"}],"wp:attachment":[{"href":"https:\/\/www.associationdemarie.org\/blog\/wp-json\/wp\/v2\/media?parent=15763"}],"wp:term":[{"taxonomy":"category","embeddable":true,"href":"https:\/\/www.associationdemarie.org\/blog\/wp-json\/wp\/v2\/categories?post=15763"},{"taxonomy":"post_tag","embeddable":true,"href":"https:\/\/www.associationdemarie.org\/blog\/wp-json\/wp\/v2\/tags?post=15763"}],"curies":[{"name":"wp","href":"https:\/\/api.w.org\/{rel}","templated":true}]}}