{"id":15654,"date":"2017-12-11T01:13:12","date_gmt":"2017-12-11T00:13:12","guid":{"rendered":"http:\/\/www.associationdemarie.org\/blog\/?p=15654"},"modified":"2017-11-26T08:15:30","modified_gmt":"2017-11-26T07:15:30","slug":"aujourdhui-nous-avons-vu-des-choses-extraordinaires","status":"publish","type":"post","link":"https:\/\/www.associationdemarie.org\/blog\/aujourdhui-nous-avons-vu-des-choses-extraordinaires\/","title":{"rendered":"\u00ab Aujourd&rsquo;hui nous avons vu des choses extraordinaires ! \u00bb"},"content":{"rendered":"<p><a href=\"https:\/\/www.associationdemarie.org\/blog\/wp-content\/uploads\/2017\/11\/DESI_VORTEX_600w_600h_sb.jpg\"><img loading=\"lazy\" decoding=\"async\" class=\"aligncenter  wp-image-15655\" src=\"https:\/\/www.associationdemarie.org\/blog\/wp-content\/uploads\/2017\/11\/DESI_VORTEX_600w_600h_sb.jpg\" alt=\"DESI_VORTEX_600w_600h_sb\" width=\"443\" height=\"443\" srcset=\"https:\/\/www.associationdemarie.org\/blog\/wp-content\/uploads\/2017\/11\/DESI_VORTEX_600w_600h_sb.jpg 600w, https:\/\/www.associationdemarie.org\/blog\/wp-content\/uploads\/2017\/11\/DESI_VORTEX_600w_600h_sb-150x150.jpg 150w, https:\/\/www.associationdemarie.org\/blog\/wp-content\/uploads\/2017\/11\/DESI_VORTEX_600w_600h_sb-300x300.jpg 300w\" sizes=\"auto, (max-width: 443px) 100vw, 443px\" \/><\/a><\/p>\n<p>Douce est la lumi\u00e8re, et il est bon de contempler le soleil avec nos yeux de chair&#8230;; c&rsquo;est pourquoi Mo\u00efse disait d\u00e9j\u00e0\u00a0: \u00ab\u00a0Et Dieu vit la lumi\u00e8re, et il dit qu&rsquo;elle \u00e9tait bonne\u00a0\u00bb (Gn 1,4)&#8230;<\/p>\n<p>Qu&rsquo;il nous est bon de penser \u00e0 la grande, v\u00e9ritable et ind\u00e9fectible lumi\u00e8re \u00ab\u00a0qui \u00e9claire tout homme venant en ce monde\u00a0\u00bb (Jn 1,9), c&rsquo;est-\u00e0-dire le Christ, le Sauveur du monde et son lib\u00e9rateur. Apr\u00e8s s&rsquo;\u00eatre d\u00e9voil\u00e9 aux regards des proph\u00e8tes, il s&rsquo;est fait homme et il a p\u00e9n\u00e9tr\u00e9 jusqu&rsquo;aux derni\u00e8res profondeurs de la condition humaine. C&rsquo;est de lui que parle le proph\u00e8te David\u00a0: \u00ab\u00a0Chantez \u00e0 Dieu un psaume pour son nom, pr\u00e9parez un passage pour celui qui monte \u00e0 l&rsquo;occident\u00a0; son nom est Seigneur, exultez en sa pr\u00e9sence\u00a0\u00bb (Ps 67,5 Vulg). Et encore Isa\u00efe, de sa grande voix\u00a0: \u00ab\u00a0Peuples assis dans les t\u00e9n\u00e8bres, regardez cette lumi\u00e8re. Pour vous qui habitez au pays de l&rsquo;ombre de la mort, une lumi\u00e8re resplendira\u00a0\u00bb (cf 9,1)&#8230;<\/p>\n<p>Ainsi donc, la lumi\u00e8re du soleil vue par nos yeux de chair annonce le Soleil spirituel de justice (Ml 3,20), le plus doux qui se soit lev\u00e9 pour ceux qui ont eu le bonheur d&rsquo;\u00eatre instruits par lui et de le regarder avec leurs yeux de chair, pendant qu&rsquo;il s\u00e9journait parmi les hommes comme un homme ordinaire. Et pourtant il n&rsquo;\u00e9tait pas seulement un homme ordinaire, puisqu&rsquo;il \u00e9tait n\u00e9 vrai Dieu, capable de rendre la vue aux aveugles, de faire marcher les boiteux, de faire entendre les sourds, de purifier les l\u00e9preux et de ramener d&rsquo;un mot les morts \u00e0 la vie (Lc 7,22).<\/p>\n<p>Saint Gr\u00e9goire d&rsquo;Agrigente (v. 559-v. 594), \u00e9v\u00eaque<br \/>\n<i>Sur l&rsquo;\u00c9ccl\u00e9siaste, livre 10, 2 ; PG 98, 1138 (trad. Orval)<\/i><\/p>\n<p>&nbsp;<\/p>\n<p>&nbsp;<\/p>\n<p>&nbsp;<\/p>\n","protected":false},"excerpt":{"rendered":"<p>Douce est la lumi\u00e8re, et il est bon de contempler le soleil avec nos yeux de chair&#8230;; c&rsquo;est pourquoi Mo\u00efse disait d\u00e9j\u00e0\u00a0: \u00ab\u00a0Et Dieu vit la lumi\u00e8re, et il dit qu&rsquo;elle \u00e9tait bonne\u00a0\u00bb (Gn 1,4)&#8230; Qu&rsquo;il nous est bon de penser \u00e0 la grande, v\u00e9ritable et ind\u00e9fectible lumi\u00e8re \u00ab\u00a0qui \u00e9claire tout homme venant en ce [&hellip;]<\/p>\n","protected":false},"author":2,"featured_media":0,"comment_status":"closed","ping_status":"closed","sticky":false,"template":"","format":"standard","meta":{"footnotes":""},"categories":[13,1261,16],"tags":[448,600,992,1477],"class_list":["post-15654","post","type-post","status-publish","format-standard","hentry","category-ecritures","category-enseignement-2","category-jardins-de-la-bible","tag-genese","tag-lumiere","tag-soleil","tag-st-gregoire-dagrigente"],"_links":{"self":[{"href":"https:\/\/www.associationdemarie.org\/blog\/wp-json\/wp\/v2\/posts\/15654","targetHints":{"allow":["GET"]}}],"collection":[{"href":"https:\/\/www.associationdemarie.org\/blog\/wp-json\/wp\/v2\/posts"}],"about":[{"href":"https:\/\/www.associationdemarie.org\/blog\/wp-json\/wp\/v2\/types\/post"}],"author":[{"embeddable":true,"href":"https:\/\/www.associationdemarie.org\/blog\/wp-json\/wp\/v2\/users\/2"}],"replies":[{"embeddable":true,"href":"https:\/\/www.associationdemarie.org\/blog\/wp-json\/wp\/v2\/comments?post=15654"}],"version-history":[{"count":2,"href":"https:\/\/www.associationdemarie.org\/blog\/wp-json\/wp\/v2\/posts\/15654\/revisions"}],"predecessor-version":[{"id":15657,"href":"https:\/\/www.associationdemarie.org\/blog\/wp-json\/wp\/v2\/posts\/15654\/revisions\/15657"}],"wp:attachment":[{"href":"https:\/\/www.associationdemarie.org\/blog\/wp-json\/wp\/v2\/media?parent=15654"}],"wp:term":[{"taxonomy":"category","embeddable":true,"href":"https:\/\/www.associationdemarie.org\/blog\/wp-json\/wp\/v2\/categories?post=15654"},{"taxonomy":"post_tag","embeddable":true,"href":"https:\/\/www.associationdemarie.org\/blog\/wp-json\/wp\/v2\/tags?post=15654"}],"curies":[{"name":"wp","href":"https:\/\/api.w.org\/{rel}","templated":true}]}}