{"id":15621,"date":"2017-12-04T01:55:30","date_gmt":"2017-12-04T00:55:30","guid":{"rendered":"http:\/\/www.associationdemarie.org\/blog\/?p=15621"},"modified":"2017-11-18T19:26:14","modified_gmt":"2017-11-18T18:26:14","slug":"beaucoup-viendront-de-lorient-et-de-loccident-et-prendront-place-au-festin-du-royaume-des-cieux-2","status":"publish","type":"post","link":"https:\/\/www.associationdemarie.org\/blog\/beaucoup-viendront-de-lorient-et-de-loccident-et-prendront-place-au-festin-du-royaume-des-cieux-2\/","title":{"rendered":"\u00ab Beaucoup viendront de l&rsquo;orient et de l&rsquo;occident et prendront place&#8230; au festin du Royaume des cieux. \u00bb"},"content":{"rendered":"<p><a href=\"https:\/\/www.associationdemarie.org\/blog\/wp-content\/uploads\/2017\/11\/44.jpg\"><img loading=\"lazy\" decoding=\"async\" class=\"aligncenter  wp-image-15622\" src=\"https:\/\/www.associationdemarie.org\/blog\/wp-content\/uploads\/2017\/11\/44.jpg\" alt=\", (44)\" width=\"444\" height=\"398\" srcset=\"https:\/\/www.associationdemarie.org\/blog\/wp-content\/uploads\/2017\/11\/44.jpg 619w, https:\/\/www.associationdemarie.org\/blog\/wp-content\/uploads\/2017\/11\/44-300x269.jpg 300w\" sizes=\"auto, (max-width: 444px) 100vw, 444px\" \/><\/a><\/p>\n<p>Nombreux sont les t\u00e9moignages de l&rsquo;\u00c9criture montrant que les nations pa\u00efennes n&rsquo;ont pas re\u00e7u moins de gr\u00e2ces que le peuple juif. Si les juifs&#8230;participent \u00e0 la b\u00e9n\u00e9diction d&rsquo;Abraham, l&rsquo;ami de Dieu, parce qu&rsquo;ils sont ses descendants, rappelons que Dieu s&rsquo;\u00e9tait engag\u00e9 \u00e0 donner aux pa\u00efens une b\u00e9n\u00e9diction semblable non seulement \u00e0 celle d&rsquo;Abraham, mais encore \u00e0 celles d&rsquo;Isaac et de Jacob. Il a pr\u00e9dit explicitement, en effet, que toutes les nations seront b\u00e9nies pareillement et il invite tous les peuples \u00e0 une seule et m\u00eame joie avec ces bienheureux amis de Dieu\u00a0: \u00ab\u00a0Nations, r\u00e9jouissez-vous avec son peuple\u00a0\u00bb (Dt 32,43) et encore\u00a0: \u00ab\u00a0Les princes des peuples se sont rassembl\u00e9s avec le Dieu d&rsquo;Abraham\u00a0\u00bb (Ps 46,10).<\/p>\n<p>Si Isra\u00ebl se glorifie du Royaume de Dieu, en disant qu&rsquo;il est son h\u00e9ritage, les oracles divins lui montrent que Dieu r\u00e9gnera aussi sur les autres peuples\u00a0: \u00ab\u00a0Allez dire aux nations\u00a0: Le Seigneur est roi\u00a0\u00bb (Ps 95,10) et encore\u00a0: \u00ab\u00a0Dieu r\u00e8gne sur les pa\u00efens\u00a0\u00bb (Ps 46,9). Si les juifs ont \u00e9t\u00e9 choisis pour \u00eatre les pr\u00eatres de Dieu et pour lui rendre un culte&#8230;, la parole de Dieu a promis de communiquer aux nations le m\u00eame minist\u00e8re\u00a0: \u00ab\u00a0Rendez au Seigneur, famille des peuples, rendez au Seigneur la gloire et l&rsquo;honneur. Pr\u00e9sentez des offrandes, entrez dans ses parvis\u00a0\u00bb (Ps 95,7-8)&#8230;<\/p>\n<p>Et si jadis, dans un premier temps, \u00ab\u00a0le lot du Seigneur fut Jacob, son peuple, et sa part d&rsquo;h\u00e9ritage Isra\u00ebl\u00a0\u00bb (Dt 32,9 LXX), dans un deuxi\u00e8me temps, l&rsquo;\u00c9criture affirme que tous les peuples seront donn\u00e9s en h\u00e9ritage au Seigneur, selon la parole du P\u00e8re\u00a0: \u00ab\u00a0Demande-moi, et je te donnerai en h\u00e9ritage les nations\u00a0\u00bb (Ps 2,8). La proph\u00e9tie annonce encore qu&rsquo;il \u00ab\u00a0dominera\u00a0\u00bb non seulement en Jud\u00e9e, mais \u00ab\u00a0de la mer \u00e0 la mer et jusqu&rsquo;aux extr\u00e9mit\u00e9s de la terre\u00a0; tous les pays le serviront et en lui seront b\u00e9nies toutes les tribus de la terre\u00a0\u00bb (Ps 71,8-11). C&rsquo;est ainsi que le Dieu de l&rsquo;univers \u00ab\u00a0a fait conna\u00eetre son salut devant toutes les nations\u00a0\u00bb (Ps 97,2).<\/p>\n<p>Eus\u00e8be de C\u00e9sar\u00e9e (v. 265-340), \u00e9v\u00eaque, th\u00e9ologien, historien<br \/>\n<i>D\u00e9monstration \u00e9vang\u00e9lique, II, 3, 35 (trad. Sr Isabelle de la Source, Lire la Bible, t. 6, p. 197 ; cf SC 228)<\/i><\/p>\n<p>&nbsp;<\/p>\n<p>&nbsp;<\/p>\n<p>&nbsp;<\/p>\n","protected":false},"excerpt":{"rendered":"<p>Nombreux sont les t\u00e9moignages de l&rsquo;\u00c9criture montrant que les nations pa\u00efennes n&rsquo;ont pas re\u00e7u moins de gr\u00e2ces que le peuple juif. Si les juifs&#8230;participent \u00e0 la b\u00e9n\u00e9diction d&rsquo;Abraham, l&rsquo;ami de Dieu, parce qu&rsquo;ils sont ses descendants, rappelons que Dieu s&rsquo;\u00e9tait engag\u00e9 \u00e0 donner aux pa\u00efens une b\u00e9n\u00e9diction semblable non seulement \u00e0 celle d&rsquo;Abraham, mais encore [&hellip;]<\/p>\n","protected":false},"author":2,"featured_media":0,"comment_status":"closed","ping_status":"closed","sticky":false,"template":"","format":"standard","meta":{"footnotes":""},"categories":[13,1261],"tags":[1416],"class_list":["post-15621","post","type-post","status-publish","format-standard","hentry","category-ecritures","category-enseignement-2","tag-eusebe-de-cesaree"],"_links":{"self":[{"href":"https:\/\/www.associationdemarie.org\/blog\/wp-json\/wp\/v2\/posts\/15621","targetHints":{"allow":["GET"]}}],"collection":[{"href":"https:\/\/www.associationdemarie.org\/blog\/wp-json\/wp\/v2\/posts"}],"about":[{"href":"https:\/\/www.associationdemarie.org\/blog\/wp-json\/wp\/v2\/types\/post"}],"author":[{"embeddable":true,"href":"https:\/\/www.associationdemarie.org\/blog\/wp-json\/wp\/v2\/users\/2"}],"replies":[{"embeddable":true,"href":"https:\/\/www.associationdemarie.org\/blog\/wp-json\/wp\/v2\/comments?post=15621"}],"version-history":[{"count":1,"href":"https:\/\/www.associationdemarie.org\/blog\/wp-json\/wp\/v2\/posts\/15621\/revisions"}],"predecessor-version":[{"id":15623,"href":"https:\/\/www.associationdemarie.org\/blog\/wp-json\/wp\/v2\/posts\/15621\/revisions\/15623"}],"wp:attachment":[{"href":"https:\/\/www.associationdemarie.org\/blog\/wp-json\/wp\/v2\/media?parent=15621"}],"wp:term":[{"taxonomy":"category","embeddable":true,"href":"https:\/\/www.associationdemarie.org\/blog\/wp-json\/wp\/v2\/categories?post=15621"},{"taxonomy":"post_tag","embeddable":true,"href":"https:\/\/www.associationdemarie.org\/blog\/wp-json\/wp\/v2\/tags?post=15621"}],"curies":[{"name":"wp","href":"https:\/\/api.w.org\/{rel}","templated":true}]}}