{"id":15594,"date":"2017-11-25T01:35:50","date_gmt":"2017-11-25T00:35:50","guid":{"rendered":"http:\/\/www.associationdemarie.org\/blog\/?p=15594"},"modified":"2017-11-10T19:37:38","modified_gmt":"2017-11-10T18:37:38","slug":"vivre-cest-le-christ","status":"publish","type":"post","link":"https:\/\/www.associationdemarie.org\/blog\/vivre-cest-le-christ\/","title":{"rendered":"\u00ab Vivre, c&rsquo;est le Christ. \u00bb"},"content":{"rendered":"<p><a href=\"https:\/\/www.associationdemarie.org\/blog\/wp-content\/uploads\/2017\/11\/9406e4_95e7c83ec93f482d845c01dd1d321aa8mv2.png\"><img loading=\"lazy\" decoding=\"async\" class=\"aligncenter  wp-image-15595\" src=\"https:\/\/www.associationdemarie.org\/blog\/wp-content\/uploads\/2017\/11\/9406e4_95e7c83ec93f482d845c01dd1d321aa8mv2.png\" alt=\"9406e4_95e7c83ec93f482d845c01dd1d321aa8~mv2\" width=\"428\" height=\"241\" srcset=\"https:\/\/www.associationdemarie.org\/blog\/wp-content\/uploads\/2017\/11\/9406e4_95e7c83ec93f482d845c01dd1d321aa8mv2.png 648w, https:\/\/www.associationdemarie.org\/blog\/wp-content\/uploads\/2017\/11\/9406e4_95e7c83ec93f482d845c01dd1d321aa8mv2-300x169.png 300w\" sizes=\"auto, (max-width: 428px) 100vw, 428px\" \/><\/a><\/p>\n<p>Nous ne mourrons plus d\u00e9sormais. M\u00eame si nous sommes d\u00e9truits en notre corps, nous vivrons dans le Christ, comme lui-m\u00eame l&rsquo;a dit\u00a0: \u00ab\u00a0Celui qui croit en moi, m\u00eame s&rsquo;il meurt, vivra\u00a0\u00bb (Jn 11,25). Nous pouvons \u00eatre certains\u00a0; le Seigneur lui-m\u00eame en t\u00e9moigne\u00a0; qu&rsquo;Abraham, Isaac, Jacob et tous les saints de Dieu sont en vie. C&rsquo;est justement de ceux-l\u00e0 que le Seigneur a dit\u00a0: \u00ab\u00a0Ils sont tous vivants\u00a0; car Dieu est le Dieu des vivants et non des morts\u00a0\u00bb. Et l&rsquo;ap\u00f4tre Paul dit de lui-m\u00eame\u00a0: \u00ab\u00a0Pour moi, vivre c&rsquo;est le Christ, et mourir m&rsquo;est un gain\u00a0; mon souhait, c&rsquo;est de m&rsquo;en aller pour \u00eatre avec le Christ\u00a0\u00bb (Ph 1,21-23)&#8230;<\/p>\n<p>Voil\u00e0 bien ce que nous croyons, mes fr\u00e8res, et \u00ab\u00a0si nous mettons nos espoirs en ce si\u00e8cle-ci, nous sommes les plus malheureux des hommes\u00a0\u00bb (1Co 15,19). La vie de ce monde, pour les animaux domestiques ou sauvages et pour les oiseaux, est\u00a0; comme vous pouvez le constater\u00a0; plus ou moins longue que la n\u00f4tre. Ce qui est propre \u00e0 l&rsquo;homme, c&rsquo;est ce que le Christ lui a donn\u00e9 par son Esprit\u00a0: c&rsquo;est-\u00e0-dire la vie \u00e9ternelle, mais \u00e0 condition que nous renoncions d\u00e9sormais au p\u00e9ch\u00e9. Car la mort r\u00e9sulte du p\u00e9ch\u00e9 et est \u00e9vit\u00e9e par la vertu\u00a0; la vie est d\u00e9truite par le p\u00e9ch\u00e9 et conserv\u00e9e par la vertu. \u00ab\u00a0Le salaire du p\u00e9ch\u00e9, c&rsquo;est la mort, tandis que le don de Dieu, c&rsquo;est la vie \u00e9ternelle par notre Seigneur J\u00e9sus Christ\u00a0\u00bb (Rm 6,23).<\/p>\n<p>Saint Pacien de Barcelone (?-v. 390), \u00e9v\u00eaque<br \/>\n<i>Sermon sur le bapt\u00eame, 6 ; PL 13,1093 (trad. Orval ; cf br\u00e9viaire 19e sam. )<\/i><\/p>\n<p>&nbsp;<\/p>\n<p>&nbsp;<\/p>\n<p>&nbsp;<\/p>\n","protected":false},"excerpt":{"rendered":"<p>Nous ne mourrons plus d\u00e9sormais. M\u00eame si nous sommes d\u00e9truits en notre corps, nous vivrons dans le Christ, comme lui-m\u00eame l&rsquo;a dit\u00a0: \u00ab\u00a0Celui qui croit en moi, m\u00eame s&rsquo;il meurt, vivra\u00a0\u00bb (Jn 11,25). Nous pouvons \u00eatre certains\u00a0; le Seigneur lui-m\u00eame en t\u00e9moigne\u00a0; qu&rsquo;Abraham, Isaac, Jacob et tous les saints de Dieu sont en vie. C&rsquo;est [&hellip;]<\/p>\n","protected":false},"author":2,"featured_media":0,"comment_status":"closed","ping_status":"closed","sticky":false,"template":"","format":"standard","meta":{"footnotes":""},"categories":[13,1261],"tags":[220,1346],"class_list":["post-15594","post","type-post","status-publish","format-standard","hentry","category-ecritures","category-enseignement-2","tag-christ","tag-st-pacien-de-barcelone"],"_links":{"self":[{"href":"https:\/\/www.associationdemarie.org\/blog\/wp-json\/wp\/v2\/posts\/15594","targetHints":{"allow":["GET"]}}],"collection":[{"href":"https:\/\/www.associationdemarie.org\/blog\/wp-json\/wp\/v2\/posts"}],"about":[{"href":"https:\/\/www.associationdemarie.org\/blog\/wp-json\/wp\/v2\/types\/post"}],"author":[{"embeddable":true,"href":"https:\/\/www.associationdemarie.org\/blog\/wp-json\/wp\/v2\/users\/2"}],"replies":[{"embeddable":true,"href":"https:\/\/www.associationdemarie.org\/blog\/wp-json\/wp\/v2\/comments?post=15594"}],"version-history":[{"count":2,"href":"https:\/\/www.associationdemarie.org\/blog\/wp-json\/wp\/v2\/posts\/15594\/revisions"}],"predecessor-version":[{"id":15597,"href":"https:\/\/www.associationdemarie.org\/blog\/wp-json\/wp\/v2\/posts\/15594\/revisions\/15597"}],"wp:attachment":[{"href":"https:\/\/www.associationdemarie.org\/blog\/wp-json\/wp\/v2\/media?parent=15594"}],"wp:term":[{"taxonomy":"category","embeddable":true,"href":"https:\/\/www.associationdemarie.org\/blog\/wp-json\/wp\/v2\/categories?post=15594"},{"taxonomy":"post_tag","embeddable":true,"href":"https:\/\/www.associationdemarie.org\/blog\/wp-json\/wp\/v2\/tags?post=15594"}],"curies":[{"name":"wp","href":"https:\/\/api.w.org\/{rel}","templated":true}]}}