{"id":15571,"date":"2017-11-18T01:58:05","date_gmt":"2017-11-18T00:58:05","guid":{"rendered":"http:\/\/www.associationdemarie.org\/blog\/?p=15571"},"modified":"2017-11-03T08:00:31","modified_gmt":"2017-11-03T07:00:31","slug":"dieu-seul-maitre-de-priere","status":"publish","type":"post","link":"https:\/\/www.associationdemarie.org\/blog\/dieu-seul-maitre-de-priere\/","title":{"rendered":"Dieu, seul ma\u00eetre de pri\u00e8re"},"content":{"rendered":"<p>&nbsp;<\/p>\n<p><a href=\"https:\/\/www.associationdemarie.org\/blog\/wp-content\/uploads\/2017\/11\/priere-enfant-pdj_5865.jpg\"><img loading=\"lazy\" decoding=\"async\" class=\"aligncenter  wp-image-15572\" src=\"https:\/\/www.associationdemarie.org\/blog\/wp-content\/uploads\/2017\/11\/priere-enfant-pdj_5865.jpg\" alt=\"priere-enfant-pdj_5865\" width=\"458\" height=\"186\" srcset=\"https:\/\/www.associationdemarie.org\/blog\/wp-content\/uploads\/2017\/11\/priere-enfant-pdj_5865.jpg 1108w, https:\/\/www.associationdemarie.org\/blog\/wp-content\/uploads\/2017\/11\/priere-enfant-pdj_5865-300x122.jpg 300w, https:\/\/www.associationdemarie.org\/blog\/wp-content\/uploads\/2017\/11\/priere-enfant-pdj_5865-1024x415.jpg 1024w\" sizes=\"auto, (max-width: 458px) 100vw, 458px\" \/><\/a><\/p>\n<p>La pri\u00e8re est, quant \u00e0 sa nature, la conversation et l&rsquo;union de l&rsquo;homme avec Dieu, et quant \u00e0 son efficacit\u00e9, la conservation du monde et sa r\u00e9conciliation avec Dieu, un pont \u00e9lev\u00e9 par dessus les tentations, un rempart contre les tribulations, l&rsquo;extinction des guerres, la joie future, l&rsquo;activit\u00e9 qui ne cesse jamais, la source des gr\u00e2ces, le pourvoyeur des charismes, un progr\u00e8s invisible, l&rsquo;aliment de l&rsquo;\u00e2me, l&rsquo;illumination de l&rsquo;esprit, la hache qui retranche le d\u00e9sespoir, le bannissement de la tristesse, la r\u00e9duction de la col\u00e8re, le miroir du progr\u00e8s, la manifestation de notre mesure, le test de l&rsquo;\u00e9tat de notre \u00e2me, la r\u00e9v\u00e9lation des choses futures, la s\u00fbre annonce de la gloire.<\/p>\n<p>Aie un grand courage, et tu auras Dieu lui-m\u00eame pour ma\u00eetre de pri\u00e8re. Il est impossible d&rsquo;apprendre \u00e0 voir au moyen de paroles, parce que voir est un effet de la nature. Il est tout aussi impossible d&rsquo;apprendre la beaut\u00e9 de la pri\u00e8re par l&rsquo;enseignement d&rsquo;autrui. La pri\u00e8re ne s&rsquo;apprend que dans la pri\u00e8re et elle a Dieu pour ma\u00eetre, lui qui enseigne \u00e0 l&rsquo;homme la science&#8230;, qui accorde le don de la pri\u00e8re \u00e0 celui qui prie, et qui b\u00e9nit les ann\u00e9es des justes.<\/p>\n<p>Saint Jean Climaque (v. 575-v. 650), moine au Mont Sina\u00ef<br \/>\n<i>L&rsquo;\u00c9chelle sainte (trad. Bellefontaine 1993, coll. Spiritualit\u00e9 orientale n\u00b024, pp. 290.299-300 rev.)<\/i><\/p>\n<p>&nbsp;<\/p>\n<p>&nbsp;<\/p>\n","protected":false},"excerpt":{"rendered":"<p>&nbsp; La pri\u00e8re est, quant \u00e0 sa nature, la conversation et l&rsquo;union de l&rsquo;homme avec Dieu, et quant \u00e0 son efficacit\u00e9, la conservation du monde et sa r\u00e9conciliation avec Dieu, un pont \u00e9lev\u00e9 par dessus les tentations, un rempart contre les tribulations, l&rsquo;extinction des guerres, la joie future, l&rsquo;activit\u00e9 qui ne cesse jamais, la source [&hellip;]<\/p>\n","protected":false},"author":2,"featured_media":0,"comment_status":"closed","ping_status":"closed","sticky":false,"template":"","format":"standard","meta":{"footnotes":""},"categories":[1261,26],"tags":[830,1425],"class_list":["post-15571","post","type-post","status-publish","format-standard","hentry","category-enseignement-2","category-priere-des-ames","tag-priere","tag-st-jean-climaque"],"_links":{"self":[{"href":"https:\/\/www.associationdemarie.org\/blog\/wp-json\/wp\/v2\/posts\/15571","targetHints":{"allow":["GET"]}}],"collection":[{"href":"https:\/\/www.associationdemarie.org\/blog\/wp-json\/wp\/v2\/posts"}],"about":[{"href":"https:\/\/www.associationdemarie.org\/blog\/wp-json\/wp\/v2\/types\/post"}],"author":[{"embeddable":true,"href":"https:\/\/www.associationdemarie.org\/blog\/wp-json\/wp\/v2\/users\/2"}],"replies":[{"embeddable":true,"href":"https:\/\/www.associationdemarie.org\/blog\/wp-json\/wp\/v2\/comments?post=15571"}],"version-history":[{"count":2,"href":"https:\/\/www.associationdemarie.org\/blog\/wp-json\/wp\/v2\/posts\/15571\/revisions"}],"predecessor-version":[{"id":15574,"href":"https:\/\/www.associationdemarie.org\/blog\/wp-json\/wp\/v2\/posts\/15571\/revisions\/15574"}],"wp:attachment":[{"href":"https:\/\/www.associationdemarie.org\/blog\/wp-json\/wp\/v2\/media?parent=15571"}],"wp:term":[{"taxonomy":"category","embeddable":true,"href":"https:\/\/www.associationdemarie.org\/blog\/wp-json\/wp\/v2\/categories?post=15571"},{"taxonomy":"post_tag","embeddable":true,"href":"https:\/\/www.associationdemarie.org\/blog\/wp-json\/wp\/v2\/tags?post=15571"}],"curies":[{"name":"wp","href":"https:\/\/api.w.org\/{rel}","templated":true}]}}