{"id":15566,"date":"2017-11-17T01:17:52","date_gmt":"2017-11-17T00:17:52","guid":{"rendered":"http:\/\/www.associationdemarie.org\/blog\/?p=15566"},"modified":"2017-11-02T08:19:35","modified_gmt":"2017-11-02T07:19:35","slug":"qui-perdra-sa-vie-la-sauvegardera","status":"publish","type":"post","link":"https:\/\/www.associationdemarie.org\/blog\/qui-perdra-sa-vie-la-sauvegardera\/","title":{"rendered":"\u00ab Qui perdra sa vie la sauvegardera. \u00bb"},"content":{"rendered":"<p><a href=\"https:\/\/www.associationdemarie.org\/blog\/wp-content\/uploads\/2017\/11\/28869.jpeg\"><img loading=\"lazy\" decoding=\"async\" class=\"aligncenter  wp-image-15567\" src=\"https:\/\/www.associationdemarie.org\/blog\/wp-content\/uploads\/2017\/11\/28869.jpeg\" alt=\"28869\" width=\"449\" height=\"269\" srcset=\"https:\/\/www.associationdemarie.org\/blog\/wp-content\/uploads\/2017\/11\/28869.jpeg 680w, https:\/\/www.associationdemarie.org\/blog\/wp-content\/uploads\/2017\/11\/28869-300x180.jpeg 300w\" sizes=\"auto, (max-width: 449px) 100vw, 449px\" \/><\/a><\/p>\n<p>\u00d4 jour \u00e9ternel, jour tant d\u00e9sir\u00e9,<br \/>\nJe te guette avec nostalgie et impatience,<br \/>\nEt tr\u00e8s bient\u00f4t l&rsquo;amour d\u00e9chirera les voiles,<br \/>\nEt tu deviendras mon salut.<\/p>\n<p>Jour merveilleux, moment incomparable,<br \/>\nO\u00f9 pour la premi\u00e8re fois je verrai mon Dieu,<br \/>\nL&rsquo;\u00e9poux de mon \u00e2me et le Seigneur des Seigneurs,<br \/>\nJe sens que l&rsquo;\u00e9pouvante n&rsquo;\u00e9treindra point mon \u00e2me.<\/p>\n<p>Jour tr\u00e8s solennel, jour de clart\u00e9,<br \/>\nO\u00f9 l&rsquo;\u00e2me conna\u00eetra son Dieu dans sa puissance,<br \/>\nEt tout enti\u00e8re sombrera dans son amour,<br \/>\nEt conna\u00eetra que les mis\u00e8res de l&rsquo;exil sont pass\u00e9es.<\/p>\n<p>Jour bienheureux, jour b\u00e9ni<br \/>\nO\u00f9 pour toi mon c\u0153ur flambera d&rsquo;un feu \u00e9ternel\u00a0:<br \/>\nCar je te pressens d\u00e9j\u00e0 m\u00eame si ce n&rsquo;est qu&rsquo;\u00e0 travers des voiles,<br \/>\nToi J\u00e9sus, dans la vie et la mort, tu m&rsquo;es ravissement et enchantement.<\/p>\n<p>Jour que j&rsquo;esp\u00e8re toute ma vie durant\u00a0:<br \/>\nEt je t&rsquo;attends avec impatience, Seigneur,<br \/>\nCar toi tu es le seul que je d\u00e9sire,<br \/>\nToi, l&rsquo;Unique en mon c\u0153ur\u00a0; le reste ne m&rsquo;est rien.<\/p>\n<p>Jour de d\u00e9lice, d&rsquo;infinies douceurs\u00a0:<br \/>\nMon \u00e9poux, Dieu de grande majest\u00e9,<br \/>\nTu sais que rien ne saurait contenter le c\u0153ur d&rsquo;une vierge,<br \/>\nSur ton doux C\u0153ur j&rsquo;appuie mon front.<\/p>\n<p>Sainte Faustine Kowalska (1905-1938), religieuse<br \/>\n<i>Petit journal, \u00a7 1230 (trad. Parole et dialogue 2002, p. 102)<\/i><\/p>\n<p>&nbsp;<\/p>\n<p>&nbsp;<\/p>\n<p>&nbsp;<\/p>\n","protected":false},"excerpt":{"rendered":"<p>\u00d4 jour \u00e9ternel, jour tant d\u00e9sir\u00e9, Je te guette avec nostalgie et impatience, Et tr\u00e8s bient\u00f4t l&rsquo;amour d\u00e9chirera les voiles, Et tu deviendras mon salut. Jour merveilleux, moment incomparable, O\u00f9 pour la premi\u00e8re fois je verrai mon Dieu, L&rsquo;\u00e9poux de mon \u00e2me et le Seigneur des Seigneurs, Je sens que l&rsquo;\u00e9pouvante n&rsquo;\u00e9treindra point mon \u00e2me. [&hellip;]<\/p>\n","protected":false},"author":2,"featured_media":0,"comment_status":"closed","ping_status":"closed","sticky":false,"template":"","format":"standard","meta":{"footnotes":""},"categories":[26,27],"tags":[830,1094],"class_list":["post-15566","post","type-post","status-publish","format-standard","hentry","category-priere-des-ames","category-prieres","tag-priere","tag-ste-faustine"],"_links":{"self":[{"href":"https:\/\/www.associationdemarie.org\/blog\/wp-json\/wp\/v2\/posts\/15566","targetHints":{"allow":["GET"]}}],"collection":[{"href":"https:\/\/www.associationdemarie.org\/blog\/wp-json\/wp\/v2\/posts"}],"about":[{"href":"https:\/\/www.associationdemarie.org\/blog\/wp-json\/wp\/v2\/types\/post"}],"author":[{"embeddable":true,"href":"https:\/\/www.associationdemarie.org\/blog\/wp-json\/wp\/v2\/users\/2"}],"replies":[{"embeddable":true,"href":"https:\/\/www.associationdemarie.org\/blog\/wp-json\/wp\/v2\/comments?post=15566"}],"version-history":[{"count":1,"href":"https:\/\/www.associationdemarie.org\/blog\/wp-json\/wp\/v2\/posts\/15566\/revisions"}],"predecessor-version":[{"id":15568,"href":"https:\/\/www.associationdemarie.org\/blog\/wp-json\/wp\/v2\/posts\/15566\/revisions\/15568"}],"wp:attachment":[{"href":"https:\/\/www.associationdemarie.org\/blog\/wp-json\/wp\/v2\/media?parent=15566"}],"wp:term":[{"taxonomy":"category","embeddable":true,"href":"https:\/\/www.associationdemarie.org\/blog\/wp-json\/wp\/v2\/categories?post=15566"},{"taxonomy":"post_tag","embeddable":true,"href":"https:\/\/www.associationdemarie.org\/blog\/wp-json\/wp\/v2\/tags?post=15566"}],"curies":[{"name":"wp","href":"https:\/\/api.w.org\/{rel}","templated":true}]}}