{"id":15562,"date":"2017-11-16T01:14:47","date_gmt":"2017-11-16T00:14:47","guid":{"rendered":"http:\/\/www.associationdemarie.org\/blog\/?p=15562"},"modified":"2017-11-01T08:16:11","modified_gmt":"2017-11-01T07:16:11","slug":"le-regne-de-dieu-au-milieu-de-nous-et-au-dedans-de-nous","status":"publish","type":"post","link":"https:\/\/www.associationdemarie.org\/blog\/le-regne-de-dieu-au-milieu-de-nous-et-au-dedans-de-nous\/","title":{"rendered":"Le R\u00e8gne de Dieu au milieu de nous et au-dedans de nous"},"content":{"rendered":"<p><a href=\"https:\/\/www.associationdemarie.org\/blog\/wp-content\/uploads\/2017\/11\/1402926932_92251_1200x667x0.jpg\"><img loading=\"lazy\" decoding=\"async\" class=\"aligncenter  wp-image-15563\" src=\"https:\/\/www.associationdemarie.org\/blog\/wp-content\/uploads\/2017\/11\/1402926932_92251_1200x667x0.jpg\" alt=\"1402926932_92251_1200x667x0\" width=\"454\" height=\"303\" srcset=\"https:\/\/www.associationdemarie.org\/blog\/wp-content\/uploads\/2017\/11\/1402926932_92251_1200x667x0.jpg 1000w, https:\/\/www.associationdemarie.org\/blog\/wp-content\/uploads\/2017\/11\/1402926932_92251_1200x667x0-300x200.jpg 300w\" sizes=\"auto, (max-width: 454px) 100vw, 454px\" \/><\/a><\/p>\n<p>\u00c0 mon avis, ce serait indigne de nous \u00e9loigner de la contemplation du Christ ne serait-ce qu&rsquo;un moment. Lorsque notre vue a commenc\u00e9 \u00e0 d\u00e9vier de ce but divin, tournons vers lui les yeux de notre c\u0153ur et ramenons-y comme une ligne droite le regard de notre esprit. Tout repose dans le sanctuaire profond de l&rsquo;\u00e2me\u00a0; lorsque le diable en a \u00e9t\u00e9 chass\u00e9 et que le mal n&rsquo;y r\u00e8gne plus, alors le r\u00e8gne de Dieu s&rsquo;\u00e9tablit en nous. Mais \u00ab\u00a0le R\u00e8gne de Dieu, \u00e9crit l&rsquo;\u00e9vang\u00e9liste, ne viendra pas d&rsquo;une mani\u00e8re visible&#8230; En v\u00e9rit\u00e9, le r\u00e8gne de Dieu est au-dedans de vous\u00a0\u00bb.<\/p>\n<p>Or en nous, il ne peut y avoir que la connaissance ou l&rsquo;ignorance de la v\u00e9rit\u00e9, l&rsquo;amour du vice ou de la vertu, par quoi nous donnons la royaut\u00e9 de notre c\u0153ur, soit au diable, soit au Christ.<\/p>\n<p>L&rsquo;ap\u00f4tre Paul \u00e0 son tour d\u00e9crit ainsi la nature de ce r\u00e8gne\u00a0: \u00ab\u00a0Le r\u00e8gne de Dieu n&rsquo;est pas dans le boire et le manger\u00a0; il est justice, paix et joie dans l&rsquo;Esprit Saint\u00a0\u00bb (Rm 14,17). Si donc le r\u00e8gne de Dieu est au-dedans de nous, et qu&rsquo;il consiste en la justice, la paix et la joie, quiconque demeure en ces vertus est sans aucun doute dans le royaume de Dieu&#8230; \u00c9levons le regard de notre \u00e2me vers ce royaume, qui est joie sans fin.<\/p>\n<p>Saint Jean Cassien (v. 360-435), fondateur de monast\u00e8re \u00e0 Marseille<br \/>\n<i>Conf\u00e9rences, n\u00b01 (trad. SC 42, p. 90 rev.)<\/i><\/p>\n<p>&nbsp;<\/p>\n<p>&nbsp;<\/p>\n<p>&nbsp;<\/p>\n","protected":false},"excerpt":{"rendered":"<p>\u00c0 mon avis, ce serait indigne de nous \u00e9loigner de la contemplation du Christ ne serait-ce qu&rsquo;un moment. Lorsque notre vue a commenc\u00e9 \u00e0 d\u00e9vier de ce but divin, tournons vers lui les yeux de notre c\u0153ur et ramenons-y comme une ligne droite le regard de notre esprit. Tout repose dans le sanctuaire profond de [&hellip;]<\/p>\n","protected":false},"author":2,"featured_media":0,"comment_status":"closed","ping_status":"closed","sticky":false,"template":"","format":"standard","meta":{"footnotes":""},"categories":[3,13,1261],"tags":[907,1303],"class_list":["post-15562","post","type-post","status-publish","format-standard","hentry","category-liturgique","category-ecritures","category-enseignement-2","tag-royaume-des-cieux","tag-st-jean-cassien"],"_links":{"self":[{"href":"https:\/\/www.associationdemarie.org\/blog\/wp-json\/wp\/v2\/posts\/15562","targetHints":{"allow":["GET"]}}],"collection":[{"href":"https:\/\/www.associationdemarie.org\/blog\/wp-json\/wp\/v2\/posts"}],"about":[{"href":"https:\/\/www.associationdemarie.org\/blog\/wp-json\/wp\/v2\/types\/post"}],"author":[{"embeddable":true,"href":"https:\/\/www.associationdemarie.org\/blog\/wp-json\/wp\/v2\/users\/2"}],"replies":[{"embeddable":true,"href":"https:\/\/www.associationdemarie.org\/blog\/wp-json\/wp\/v2\/comments?post=15562"}],"version-history":[{"count":2,"href":"https:\/\/www.associationdemarie.org\/blog\/wp-json\/wp\/v2\/posts\/15562\/revisions"}],"predecessor-version":[{"id":15565,"href":"https:\/\/www.associationdemarie.org\/blog\/wp-json\/wp\/v2\/posts\/15562\/revisions\/15565"}],"wp:attachment":[{"href":"https:\/\/www.associationdemarie.org\/blog\/wp-json\/wp\/v2\/media?parent=15562"}],"wp:term":[{"taxonomy":"category","embeddable":true,"href":"https:\/\/www.associationdemarie.org\/blog\/wp-json\/wp\/v2\/categories?post=15562"},{"taxonomy":"post_tag","embeddable":true,"href":"https:\/\/www.associationdemarie.org\/blog\/wp-json\/wp\/v2\/tags?post=15562"}],"curies":[{"name":"wp","href":"https:\/\/api.w.org\/{rel}","templated":true}]}}