{"id":15559,"date":"2017-11-15T01:54:23","date_gmt":"2017-11-15T00:54:23","guid":{"rendered":"http:\/\/www.associationdemarie.org\/blog\/?p=15559"},"modified":"2017-10-31T07:59:10","modified_gmt":"2017-10-31T06:59:10","slug":"rendre-gloire-a-dieu","status":"publish","type":"post","link":"https:\/\/www.associationdemarie.org\/blog\/rendre-gloire-a-dieu\/","title":{"rendered":"Rendre gloire \u00e0 Dieu"},"content":{"rendered":"<p><a href=\"https:\/\/www.associationdemarie.org\/blog\/wp-content\/uploads\/2017\/10\/francis-assisi-1.jpg\"><img loading=\"lazy\" decoding=\"async\" class=\"aligncenter  wp-image-15560\" src=\"https:\/\/www.associationdemarie.org\/blog\/wp-content\/uploads\/2017\/10\/francis-assisi-1.jpg\" alt=\"francis-assisi-1\" width=\"375\" height=\"521\" srcset=\"https:\/\/www.associationdemarie.org\/blog\/wp-content\/uploads\/2017\/10\/francis-assisi-1.jpg 576w, https:\/\/www.associationdemarie.org\/blog\/wp-content\/uploads\/2017\/10\/francis-assisi-1-216x300.jpg 216w\" sizes=\"auto, (max-width: 375px) 100vw, 375px\" \/><\/a><\/p>\n<p>Deux ans avant sa mort, le bienheureux Fran\u00e7ois \u00e9tait d\u00e9j\u00e0 bien malade, souffrant surtout des yeux&#8230; Il a \u00e9t\u00e9 cinquante jours et plus sans pouvoir supporter pendant la journ\u00e9e la lumi\u00e8re du soleil, ni pendant la nuit la clart\u00e9 du feu. Il demeurait constamment dans l&rsquo;obscurit\u00e9 \u00e0 l&rsquo;int\u00e9rieur de la maison, dans sa cellule&#8230; Une nuit, comme il r\u00e9fl\u00e9chissait \u00e0 toutes les tribulations qu&rsquo;il endurait, il a eu piti\u00e9 de lui-m\u00eame et a dit int\u00e9rieurement\u00a0: \u00ab\u00a0Seigneur, secours-moi dans mes infirmit\u00e9s, pour que j&rsquo;aie la force de les supporter patiemment\u00a0!\u00a0\u00bb Et soudain il a entendu en esprit une voix\u00a0: \u00ab\u00a0Dis-moi, fr\u00e8re\u00a0: si, en compensation de tes souffrances et tribulations, on te donnait un immense et pr\u00e9cieux tr\u00e9sor&#8230;, ne te r\u00e9jouirais-tu pas\u00a0? &#8230; R\u00e9jouis-toi et sois dans l&rsquo;all\u00e9gresse au milieu de tes infirmit\u00e9s et tribulations\u00a0: d\u00e8s maintenant vis en paix comme si tu partageais d\u00e9j\u00e0 mon Royaume.\u00a0\u00bb<\/p>\n<p>Le lendemain il a dit \u00e0 ses compagnons&#8230;\u00a0: \u00ab\u00a0Dieu m&rsquo;a donn\u00e9 une telle gr\u00e2ce et b\u00e9n\u00e9diction que, dans sa mis\u00e9ricorde, il a daign\u00e9 m&rsquo;assurer, \u00e0 moi son pauvre et indigne serviteur vivant encore ici-bas, que je partagerais son Royaume. C&rsquo;est pourquoi, pour sa gloire, pour ma consolation et l&rsquo;\u00e9dification du prochain, je veux composer une nouvelle \u00ab\u00a0Louange du Seigneur\u00a0\u00bb pour ses cr\u00e9atures. Chaque jour, celles-ci servent \u00e0 nos besoins, sans elles nous ne pourrions pas vivre, et par elles le genre humain offense beaucoup le Cr\u00e9ateur. Chaque jour aussi nous m\u00e9connaissons un si grand bienfait en ne louant pas comme nous le devrions le Cr\u00e9ateur et Dispensateur de tous ces dons\u00a0\u00bb&#8230;<\/p>\n<p>Ces \u00ab\u00a0Louanges du Seigneur\u00a0\u00bb qui commencent par\u00a0: \u00ab\u00a0Tr\u00e8s haut, tout puissant et bon Seigneur\u00a0\u00bb, il les appela \u00ab\u00a0Cantique de fr\u00e8re Soleil\u00a0\u00bb. C&rsquo;est, en effet, la plus belle de toutes les cr\u00e9atures, celle que l&rsquo;on peut, mieux que toute autre, comparer \u00e0 Dieu. Et il disait\u00a0: \u00ab\u00a0Au lever du soleil, tout homme devrait louer Dieu d&rsquo;avoir cr\u00e9\u00e9 cet astre qui pendant le jour donne aux yeux leur lumi\u00e8re\u00a0; le soir, quand vient la nuit, tout homme devrait louer Dieu pour cette autre cr\u00e9ature, notre fr\u00e8re le feu qui, dans les t\u00e9n\u00e8bres, permet \u00e0 nos yeux de voir clair. Nous sommes tous comme des aveugles, et c&rsquo;est par ces deux cr\u00e9atures que Dieu nous donne la lumi\u00e8re. C&rsquo;est pourquoi, pour ces cr\u00e9atures et pour les autres qui nous servent chaque jour, nous devons louer tout particuli\u00e8rement leur glorieux Cr\u00e9ateur.\u00a0\u00bb<\/p>\n<p>Lui-m\u00eame le faisait de tout son c\u0153ur, qu&rsquo;il soit malade ou bien portant, et volontiers il conviait les autres \u00e0 chanter la gloire du Seigneur. Quand il a \u00e9t\u00e9 terrass\u00e9 par la maladie, il entonnait souvent ce cantique et le faisait continuer par ses compagnons\u00a0; il oubliait ainsi, en consid\u00e9rant la gloire du Seigneur, la violence de ses douleurs et de ses maux. Il a agi ainsi jusqu&rsquo;au jour de sa mort.<\/p>\n<p>Vie de saint Fran\u00e7ois d&rsquo;Assise dite \u00ab Compilation de P\u00e9rouse \u00bb (v. 1311)<br \/>\n<i>\u00a7 43 (trad. Debonnets et Vorreux, Documents, 1968, p. 924)<\/i><\/p>\n<p>&nbsp;<\/p>\n<p>&nbsp;<\/p>\n<p>&nbsp;<\/p>\n","protected":false},"excerpt":{"rendered":"<p>Deux ans avant sa mort, le bienheureux Fran\u00e7ois \u00e9tait d\u00e9j\u00e0 bien malade, souffrant surtout des yeux&#8230; Il a \u00e9t\u00e9 cinquante jours et plus sans pouvoir supporter pendant la journ\u00e9e la lumi\u00e8re du soleil, ni pendant la nuit la clart\u00e9 du feu. Il demeurait constamment dans l&rsquo;obscurit\u00e9 \u00e0 l&rsquo;int\u00e9rieur de la maison, dans sa cellule&#8230; Une [&hellip;]<\/p>\n","protected":false},"author":2,"featured_media":0,"comment_status":"closed","ping_status":"closed","sticky":false,"template":"","format":"standard","meta":{"footnotes":""},"categories":[3,28],"tags":[1030],"class_list":["post-15559","post","type-post","status-publish","format-standard","hentry","category-liturgique","category-saints-et-saintes","tag-st-francois-dassise"],"_links":{"self":[{"href":"https:\/\/www.associationdemarie.org\/blog\/wp-json\/wp\/v2\/posts\/15559","targetHints":{"allow":["GET"]}}],"collection":[{"href":"https:\/\/www.associationdemarie.org\/blog\/wp-json\/wp\/v2\/posts"}],"about":[{"href":"https:\/\/www.associationdemarie.org\/blog\/wp-json\/wp\/v2\/types\/post"}],"author":[{"embeddable":true,"href":"https:\/\/www.associationdemarie.org\/blog\/wp-json\/wp\/v2\/users\/2"}],"replies":[{"embeddable":true,"href":"https:\/\/www.associationdemarie.org\/blog\/wp-json\/wp\/v2\/comments?post=15559"}],"version-history":[{"count":1,"href":"https:\/\/www.associationdemarie.org\/blog\/wp-json\/wp\/v2\/posts\/15559\/revisions"}],"predecessor-version":[{"id":15561,"href":"https:\/\/www.associationdemarie.org\/blog\/wp-json\/wp\/v2\/posts\/15559\/revisions\/15561"}],"wp:attachment":[{"href":"https:\/\/www.associationdemarie.org\/blog\/wp-json\/wp\/v2\/media?parent=15559"}],"wp:term":[{"taxonomy":"category","embeddable":true,"href":"https:\/\/www.associationdemarie.org\/blog\/wp-json\/wp\/v2\/categories?post=15559"},{"taxonomy":"post_tag","embeddable":true,"href":"https:\/\/www.associationdemarie.org\/blog\/wp-json\/wp\/v2\/tags?post=15559"}],"curies":[{"name":"wp","href":"https:\/\/api.w.org\/{rel}","templated":true}]}}