{"id":15480,"date":"2017-10-28T01:13:14","date_gmt":"2017-10-28T00:13:14","guid":{"rendered":"http:\/\/www.associationdemarie.org\/blog\/?p=15480"},"modified":"2017-10-12T05:14:38","modified_gmt":"2017-10-12T04:14:38","slug":"fete-des-sts-simon-et-jude-apotres","status":"publish","type":"post","link":"https:\/\/www.associationdemarie.org\/blog\/fete-des-sts-simon-et-jude-apotres\/","title":{"rendered":"F\u00eate des Sts Simon et Jude, Ap\u00f4tres"},"content":{"rendered":"<p><a href=\"https:\/\/www.associationdemarie.org\/blog\/wp-content\/uploads\/2017\/10\/simon-et-jude.2.jpg\"><img loading=\"lazy\" decoding=\"async\" class=\"aligncenter  wp-image-15481\" src=\"https:\/\/www.associationdemarie.org\/blog\/wp-content\/uploads\/2017\/10\/simon-et-jude.2.jpg\" alt=\"simon-et-jude.2\" width=\"465\" height=\"295\" srcset=\"https:\/\/www.associationdemarie.org\/blog\/wp-content\/uploads\/2017\/10\/simon-et-jude.2.jpg 888w, https:\/\/www.associationdemarie.org\/blog\/wp-content\/uploads\/2017\/10\/simon-et-jude.2-300x190.jpg 300w\" sizes=\"auto, (max-width: 465px) 100vw, 465px\" \/><\/a><\/p>\n<p>Si J\u00e9sus avait choisi, pour en faire les ministres de son enseignement, des hommes savants selon l&rsquo;opinion publique, capables de saisir et d&rsquo;exprimer des id\u00e9es ch\u00e8res aux foules, il aurait \u00e9t\u00e9 soup\u00e7onn\u00e9 d&rsquo;avoir pr\u00each\u00e9 suivant la m\u00e9thode des philosophes qui tiennent \u00e9cole, et le caract\u00e8re divin de sa doctrine n&rsquo;aurait pas paru dans toute son \u00e9vidence. Sa doctrine et sa pr\u00e9dication auraient consist\u00e9 \u00ab\u00a0en discours persuasifs de la sagesse\u00a0\u00bb (1Co 1,17)&#8230;\u00a0; et notre foi, pareille \u00e0 celle qu&rsquo;on accorde aux doctrines des philosophes de ce monde, \u00ab\u00a0reposerait sur la sagesse des hommes et non sur la puissance de Dieu\u00a0\u00bb (1Co 2,5). Mais quand on voit des p\u00eacheurs et des publicains sans instruction assez hardis pour discuter avec les juifs de la foi en J\u00e9sus Christ, et pour le pr\u00eacher au reste du monde, et y r\u00e9ussir, comment ne pas chercher l&rsquo;origine de cette puissance de persuasion\u00a0? Comment ne pas avouer que la parole de J\u00e9sus\u00a0: \u00ab\u00a0Venez \u00e0 ma suite, je vous ferai p\u00eacheurs d&rsquo;hommes\u00a0\u00bb (Mt 4,19), il l&rsquo;a r\u00e9alis\u00e9e dans ses ap\u00f4tres par une puissance divine\u00a0?<\/p>\n<p>Paul aussi manifeste cette puissance quand il \u00e9crit\u00a0: \u00ab\u00a0Ma parole et mon message n&rsquo;avaient rien des discours persuasifs de la sagesse, c&rsquo;\u00e9tait une d\u00e9monstration de l&rsquo;Esprit et de la puissance de Dieu\u00a0\u00bb (1Co 2,4)&#8230; C&rsquo;est ce qu&rsquo;ont dit les proph\u00e8tes d\u00e9j\u00e0, quand ils ont annonc\u00e9 par avance la pr\u00e9dication de l&rsquo;Evangile\u00a0: \u00ab\u00a0Le Seigneur donnera sa parole aux messagers de la bonne nouvelle avec une grande puissance\u00a0\u00bb, afin que \u00ab\u00a0rapide court sa parole\u00a0\u00bb (Ps 67,12\u00a0;147,4). Et de fait, nous voyons que \u00ab\u00a0la voix\u00a0\u00bb des ap\u00f4tres de J\u00e9sus \u00ab\u00a0a retenti par toute la terre et leurs paroles jusqu&rsquo;aux limites du monde\u00a0\u00bb (Ps 18,5\u00a0;Rm 10,18). Voil\u00e0 pourquoi ceux qui \u00e9coutent la parole de Dieu annonc\u00e9e avec puissance sont remplis eux-m\u00eames de puissance\u00a0; ils le manifestent par leur conduite et par leur lutte pour la v\u00e9rit\u00e9 jusqu&rsquo;\u00e0 la mort.<\/p>\n<p>Orig\u00e8ne (v. 185-253), pr\u00eatre et th\u00e9ologien<br \/>\n<i>Contre Celse I, 62 (trad. cf SC 132, p. 247s)<\/i><\/p>\n<p>&nbsp;<\/p>\n<p>&nbsp;<\/p>\n<p>&nbsp;<\/p>\n","protected":false},"excerpt":{"rendered":"<p>Si J\u00e9sus avait choisi, pour en faire les ministres de son enseignement, des hommes savants selon l&rsquo;opinion publique, capables de saisir et d&rsquo;exprimer des id\u00e9es ch\u00e8res aux foules, il aurait \u00e9t\u00e9 soup\u00e7onn\u00e9 d&rsquo;avoir pr\u00each\u00e9 suivant la m\u00e9thode des philosophes qui tiennent \u00e9cole, et le caract\u00e8re divin de sa doctrine n&rsquo;aurait pas paru dans toute son [&hellip;]<\/p>\n","protected":false},"author":2,"featured_media":0,"comment_status":"closed","ping_status":"closed","sticky":false,"template":"","format":"standard","meta":{"footnotes":""},"categories":[3,28],"tags":[647,1051,1079],"class_list":["post-15480","post","type-post","status-publish","format-standard","hentry","category-liturgique","category-saints-et-saintes","tag-martyr","tag-st-jude","tag-st-simon"],"_links":{"self":[{"href":"https:\/\/www.associationdemarie.org\/blog\/wp-json\/wp\/v2\/posts\/15480","targetHints":{"allow":["GET"]}}],"collection":[{"href":"https:\/\/www.associationdemarie.org\/blog\/wp-json\/wp\/v2\/posts"}],"about":[{"href":"https:\/\/www.associationdemarie.org\/blog\/wp-json\/wp\/v2\/types\/post"}],"author":[{"embeddable":true,"href":"https:\/\/www.associationdemarie.org\/blog\/wp-json\/wp\/v2\/users\/2"}],"replies":[{"embeddable":true,"href":"https:\/\/www.associationdemarie.org\/blog\/wp-json\/wp\/v2\/comments?post=15480"}],"version-history":[{"count":1,"href":"https:\/\/www.associationdemarie.org\/blog\/wp-json\/wp\/v2\/posts\/15480\/revisions"}],"predecessor-version":[{"id":15482,"href":"https:\/\/www.associationdemarie.org\/blog\/wp-json\/wp\/v2\/posts\/15480\/revisions\/15482"}],"wp:attachment":[{"href":"https:\/\/www.associationdemarie.org\/blog\/wp-json\/wp\/v2\/media?parent=15480"}],"wp:term":[{"taxonomy":"category","embeddable":true,"href":"https:\/\/www.associationdemarie.org\/blog\/wp-json\/wp\/v2\/categories?post=15480"},{"taxonomy":"post_tag","embeddable":true,"href":"https:\/\/www.associationdemarie.org\/blog\/wp-json\/wp\/v2\/tags?post=15480"}],"curies":[{"name":"wp","href":"https:\/\/api.w.org\/{rel}","templated":true}]}}