{"id":15476,"date":"2017-10-27T01:04:09","date_gmt":"2017-10-27T00:04:09","guid":{"rendered":"http:\/\/www.associationdemarie.org\/blog\/?p=15476"},"modified":"2017-10-11T15:05:42","modified_gmt":"2017-10-11T14:05:42","slug":"discerner-les-signes-des-temps-un-grand-theme-du-concile-vatican-ii","status":"publish","type":"post","link":"https:\/\/www.associationdemarie.org\/blog\/discerner-les-signes-des-temps-un-grand-theme-du-concile-vatican-ii\/","title":{"rendered":"Discerner les signes des temps : un grand th\u00e8me du Concile Vatican II"},"content":{"rendered":"<p><a href=\"https:\/\/www.associationdemarie.org\/blog\/wp-content\/uploads\/2017\/10\/st-michel1.jpg\"><img loading=\"lazy\" decoding=\"async\" class=\"aligncenter  wp-image-15477\" src=\"https:\/\/www.associationdemarie.org\/blog\/wp-content\/uploads\/2017\/10\/st-michel1.jpg\" alt=\"st-michel1\" width=\"464\" height=\"214\" srcset=\"https:\/\/www.associationdemarie.org\/blog\/wp-content\/uploads\/2017\/10\/st-michel1.jpg 640w, https:\/\/www.associationdemarie.org\/blog\/wp-content\/uploads\/2017\/10\/st-michel1-300x138.jpg 300w\" sizes=\"auto, (max-width: 464px) 100vw, 464px\" \/><\/a><\/p>\n<p>Il arrive souvent que dans l&rsquo;exercice quotidien de notre minist\u00e8re apostolique nos oreilles soient offens\u00e9es en apprenant ce que disent certains qui, bien qu&rsquo;enflamm\u00e9s de z\u00e8le religieux, manquent de justesse de jugement et de pond\u00e9ration dans leur fa\u00e7on de voir les choses. Dans la situation actuelle de la soci\u00e9t\u00e9, ils ne voient que ruines et calamit\u00e9s\u00a0; ils ont coutume de dire que notre \u00e9poque a profond\u00e9ment empir\u00e9 par rapport aux si\u00e8cles pass\u00e9s\u00a0; ils se conduisent comme si l&rsquo;histoire, qui est ma\u00eetresse de vie, n&rsquo;avait rien \u00e0 leur apprendre et comme si du temps des Conciles d&rsquo;autrefois tout \u00e9tait parfait en ce qui concerne la doctrine chr\u00e9tienne, les m\u0153urs et la juste libert\u00e9 de l&rsquo;\u00c9glise.<\/p>\n<p>Il nous semble n\u00e9cessaire de dire notre complet d\u00e9saccord avec ces proph\u00e8tes de malheur, qui annoncent toujours des catastrophes, comme si le monde \u00e9tait pr\u00e8s de sa fin.<\/p>\n<p>Dans le cours actuel des \u00e9v\u00e9nements, alors que la soci\u00e9t\u00e9 humaine semble \u00e0 un tournant, il vaut mieux reconna\u00eetre les desseins myst\u00e9rieux de la Providence divine qui, \u00e0 travers la succession des temps et les travaux des hommes, la plupart du temps contre toute attente, atteignent leur fin et disposent tout avec sagesse pour le bien de l&rsquo;\u00c9glise, m\u00eame les \u00e9v\u00e9nements contraires.<\/p>\n<p>Saint Jean XXIII (1881-1963), pape<br \/>\n<i>Discours \u00e0 l&rsquo;ouverture du Concile Vatican II, 11\/10\/1962<\/i><\/p>\n<p>&nbsp;<\/p>\n<p>&nbsp;<\/p>\n<p>&nbsp;<\/p>\n","protected":false},"excerpt":{"rendered":"<p>Il arrive souvent que dans l&rsquo;exercice quotidien de notre minist\u00e8re apostolique nos oreilles soient offens\u00e9es en apprenant ce que disent certains qui, bien qu&rsquo;enflamm\u00e9s de z\u00e8le religieux, manquent de justesse de jugement et de pond\u00e9ration dans leur fa\u00e7on de voir les choses. Dans la situation actuelle de la soci\u00e9t\u00e9, ils ne voient que ruines et [&hellip;]<\/p>\n","protected":false},"author":2,"featured_media":0,"comment_status":"closed","ping_status":"closed","sticky":false,"template":"","format":"standard","meta":{"footnotes":""},"categories":[3,13,1261],"tags":[982,1252,1174],"class_list":["post-15476","post","type-post","status-publish","format-standard","hentry","category-liturgique","category-ecritures","category-enseignement-2","tag-signes","tag-st-jean-23","tag-vatican-2"],"_links":{"self":[{"href":"https:\/\/www.associationdemarie.org\/blog\/wp-json\/wp\/v2\/posts\/15476","targetHints":{"allow":["GET"]}}],"collection":[{"href":"https:\/\/www.associationdemarie.org\/blog\/wp-json\/wp\/v2\/posts"}],"about":[{"href":"https:\/\/www.associationdemarie.org\/blog\/wp-json\/wp\/v2\/types\/post"}],"author":[{"embeddable":true,"href":"https:\/\/www.associationdemarie.org\/blog\/wp-json\/wp\/v2\/users\/2"}],"replies":[{"embeddable":true,"href":"https:\/\/www.associationdemarie.org\/blog\/wp-json\/wp\/v2\/comments?post=15476"}],"version-history":[{"count":2,"href":"https:\/\/www.associationdemarie.org\/blog\/wp-json\/wp\/v2\/posts\/15476\/revisions"}],"predecessor-version":[{"id":15479,"href":"https:\/\/www.associationdemarie.org\/blog\/wp-json\/wp\/v2\/posts\/15476\/revisions\/15479"}],"wp:attachment":[{"href":"https:\/\/www.associationdemarie.org\/blog\/wp-json\/wp\/v2\/media?parent=15476"}],"wp:term":[{"taxonomy":"category","embeddable":true,"href":"https:\/\/www.associationdemarie.org\/blog\/wp-json\/wp\/v2\/categories?post=15476"},{"taxonomy":"post_tag","embeddable":true,"href":"https:\/\/www.associationdemarie.org\/blog\/wp-json\/wp\/v2\/tags?post=15476"}],"curies":[{"name":"wp","href":"https:\/\/api.w.org\/{rel}","templated":true}]}}