{"id":15468,"date":"2017-10-25T01:15:28","date_gmt":"2017-10-25T00:15:28","guid":{"rendered":"http:\/\/www.associationdemarie.org\/blog\/?p=15468"},"modified":"2017-10-09T05:16:48","modified_gmt":"2017-10-09T04:16:48","slug":"tenez-vous-prets-2","status":"publish","type":"post","link":"https:\/\/www.associationdemarie.org\/blog\/tenez-vous-prets-2\/","title":{"rendered":"\u00ab Tenez-vous pr\u00eats ! \u00bb"},"content":{"rendered":"<p><a href=\"https:\/\/www.associationdemarie.org\/blog\/wp-content\/uploads\/2017\/10\/let-him-in-greg-olsen.jpg\"><img loading=\"lazy\" decoding=\"async\" class=\"aligncenter  wp-image-15469\" src=\"https:\/\/www.associationdemarie.org\/blog\/wp-content\/uploads\/2017\/10\/let-him-in-greg-olsen.jpg\" alt=\"let-him-in-greg-olsen\" width=\"390\" height=\"488\" srcset=\"https:\/\/www.associationdemarie.org\/blog\/wp-content\/uploads\/2017\/10\/let-him-in-greg-olsen.jpg 719w, https:\/\/www.associationdemarie.org\/blog\/wp-content\/uploads\/2017\/10\/let-him-in-greg-olsen-240x300.jpg 240w\" sizes=\"auto, (max-width: 390px) 100vw, 390px\" \/><\/a><\/p>\n<p>\u00ab\u00a0C&rsquo;est \u00e0 l&rsquo;heure que vous ne pensez pas que le Fils de l&rsquo;homme viendra.\u00a0\u00bb J\u00e9sus leur dit cela pour que les disciples restent \u00e9veill\u00e9s, qu&rsquo;ils soient toujours pr\u00eats. S&rsquo;il leur dit qu&rsquo;il viendra quand ils ne s&rsquo;y attendront pas, c&rsquo;est qu&rsquo;il veut les pousser \u00e0 pratiquer la vertu avec z\u00e8le et sans rel\u00e2che. C&rsquo;est comme s&rsquo;il leur disait\u00a0: \u00ab\u00a0Si les gens savaient quand ils vont mourir, ils seraient parfaitement pr\u00eats pour ce jour\u00a0\u00bb&#8230; Mais le moment de la fin de notre vie est un secret qui \u00e9chappe \u00e0 chaque homme&#8230;<\/p>\n<p>Voil\u00e0 pourquoi le Seigneur exige deux qualit\u00e9s de son serviteur\u00a0: qu&rsquo;il soit fid\u00e8le, pour qu&rsquo;il ne s&rsquo;attribue \u00e0 lui-m\u00eame rien de ce qui appartient \u00e0 son ma\u00eetre, et qu&rsquo;il soit avis\u00e9, pour administrer convenablement tout ce qu&rsquo;on lui a confi\u00e9. Il nous faut donc ces deux qualit\u00e9s pour \u00eatre pr\u00eats \u00e0 l&rsquo;arriv\u00e9e du Ma\u00eetre&#8230; Car voici ce qui arrive du fait que nous ne connaissons pas le jour de notre rencontre avec lui\u00a0: on se dit\u00a0: \u00ab\u00a0Mon ma\u00eetre tarde \u00e0 venir\u00a0\u00bb. Le serviteur fid\u00e8le et avis\u00e9 n&rsquo;a pas de pens\u00e9e semblable. Malheureux, sous pr\u00e9texte que ton Ma\u00eetre tarde, tu t&rsquo;imagines qu&rsquo;il ne va pas venir du tout\u00a0? Son arriv\u00e9e est certaine. Pourquoi ne restes-tu donc pas sur tes gardes\u00a0? Non, le Seigneur n&rsquo;est pas lent \u00e0 venir\u00a0; ce retard n&rsquo;est que dans l&rsquo;imagination du mauvais serviteur.<\/p>\n<p>Saint Jean Chrysostome (v. 345-407), pr\u00eatre \u00e0 Antioche puis \u00e9v\u00eaque de Constantinople, docteur de l&rsquo;\u00c9glise<br \/>\n<i>Hom\u00e9lie 77 sur St Matthieu (trad. cf V\u00e9ricel, Les P\u00e8res commentent, p. 252)<\/i><\/p>\n<p>&nbsp;<\/p>\n<p>&nbsp;<\/p>\n<p>&nbsp;<\/p>\n","protected":false},"excerpt":{"rendered":"<p>\u00ab\u00a0C&rsquo;est \u00e0 l&rsquo;heure que vous ne pensez pas que le Fils de l&rsquo;homme viendra.\u00a0\u00bb J\u00e9sus leur dit cela pour que les disciples restent \u00e9veill\u00e9s, qu&rsquo;ils soient toujours pr\u00eats. S&rsquo;il leur dit qu&rsquo;il viendra quand ils ne s&rsquo;y attendront pas, c&rsquo;est qu&rsquo;il veut les pousser \u00e0 pratiquer la vertu avec z\u00e8le et sans rel\u00e2che. C&rsquo;est comme [&hellip;]<\/p>\n","protected":false},"author":2,"featured_media":0,"comment_status":"closed","ping_status":"closed","sticky":false,"template":"","format":"standard","meta":{"footnotes":""},"categories":[3,13,1261],"tags":[1043,1175],"class_list":["post-15468","post","type-post","status-publish","format-standard","hentry","category-liturgique","category-ecritures","category-enseignement-2","tag-st-jean-chrysostome","tag-veillez"],"_links":{"self":[{"href":"https:\/\/www.associationdemarie.org\/blog\/wp-json\/wp\/v2\/posts\/15468","targetHints":{"allow":["GET"]}}],"collection":[{"href":"https:\/\/www.associationdemarie.org\/blog\/wp-json\/wp\/v2\/posts"}],"about":[{"href":"https:\/\/www.associationdemarie.org\/blog\/wp-json\/wp\/v2\/types\/post"}],"author":[{"embeddable":true,"href":"https:\/\/www.associationdemarie.org\/blog\/wp-json\/wp\/v2\/users\/2"}],"replies":[{"embeddable":true,"href":"https:\/\/www.associationdemarie.org\/blog\/wp-json\/wp\/v2\/comments?post=15468"}],"version-history":[{"count":2,"href":"https:\/\/www.associationdemarie.org\/blog\/wp-json\/wp\/v2\/posts\/15468\/revisions"}],"predecessor-version":[{"id":15471,"href":"https:\/\/www.associationdemarie.org\/blog\/wp-json\/wp\/v2\/posts\/15468\/revisions\/15471"}],"wp:attachment":[{"href":"https:\/\/www.associationdemarie.org\/blog\/wp-json\/wp\/v2\/media?parent=15468"}],"wp:term":[{"taxonomy":"category","embeddable":true,"href":"https:\/\/www.associationdemarie.org\/blog\/wp-json\/wp\/v2\/categories?post=15468"},{"taxonomy":"post_tag","embeddable":true,"href":"https:\/\/www.associationdemarie.org\/blog\/wp-json\/wp\/v2\/tags?post=15468"}],"curies":[{"name":"wp","href":"https:\/\/api.w.org\/{rel}","templated":true}]}}