{"id":15464,"date":"2017-10-24T01:43:20","date_gmt":"2017-10-24T00:43:20","guid":{"rendered":"http:\/\/www.associationdemarie.org\/blog\/?p=15464"},"modified":"2017-10-08T07:47:30","modified_gmt":"2017-10-08T06:47:30","slug":"gardez-vos-lampes-allumees","status":"publish","type":"post","link":"https:\/\/www.associationdemarie.org\/blog\/gardez-vos-lampes-allumees\/","title":{"rendered":"\u00ab Gardez vos lampes allum\u00e9es ! \u00bb"},"content":{"rendered":"<p><a href=\"https:\/\/www.associationdemarie.org\/blog\/wp-content\/uploads\/2017\/10\/ob_7445e4_pele-pompiers-lourdes.jpg\"><img loading=\"lazy\" decoding=\"async\" class=\"aligncenter wp-image-15465\" src=\"https:\/\/www.associationdemarie.org\/blog\/wp-content\/uploads\/2017\/10\/ob_7445e4_pele-pompiers-lourdes.jpg\" alt=\"ob_7445e4_pele-pompiers-lourdes\" width=\"460\" height=\"306\" srcset=\"https:\/\/www.associationdemarie.org\/blog\/wp-content\/uploads\/2017\/10\/ob_7445e4_pele-pompiers-lourdes.jpg 818w, https:\/\/www.associationdemarie.org\/blog\/wp-content\/uploads\/2017\/10\/ob_7445e4_pele-pompiers-lourdes-300x200.jpg 300w\" sizes=\"auto, (max-width: 460px) 100vw, 460px\" \/><\/a><\/p>\n<p>La pri\u00e8re offerte au temps de la nuit poss\u00e8de un grand pouvoir, plus que celle qui est offerte pendant le jour. C&rsquo;est pourquoi tous les saints ont eu l&rsquo;habitude de prier la nuit, combattant l&rsquo;assoupissement du corps et la douceur du sommeil et d\u00e9passant leur nature corporelle. Le proph\u00e8te disait lui aussi\u00a0: \u00ab\u00a0Je me suis fatigu\u00e9 \u00e0 g\u00e9mir\u00a0; chaque nuit, je baigne ma couche de mes larmes\u00a0\u00bb (Ps 6,7) pendant qu&rsquo;il soupirait du fond du c\u0153ur dans une pri\u00e8re passionn\u00e9e. Et ailleurs\u00a0: \u00ab\u00a0Je me l\u00e8ve au milieu de la nuit pour te louer \u00e0 cause de tes jugements, toi le Juste.\u00a0\u00bb (Ps 118,62). Pour chacune des requ\u00eates que les saints voulaient adresser \u00e0 Dieu avec force, ils s&rsquo;armaient de la pri\u00e8re pendant la nuit et aussit\u00f4t ils recevaient ce qu&rsquo;ils demandaient.<\/p>\n<p>Satan lui-m\u00eame ne craint rien autant que la pri\u00e8re que l&rsquo;on offre pendant les veilles. M\u00eame si elles s&rsquo;accompagnent de distractions, elle ne revient pas sans fruit, \u00e0 moins qu&rsquo;on ne demande ce qui ne convient pas. C&rsquo;est pourquoi il engage de s\u00e9v\u00e8res combats contre ceux qui veillent, afin de les d\u00e9tourner si possible de cette pratique, surtout s&rsquo;ils se montrent pers\u00e9v\u00e9rants. Mais ceux qui sont quelque peu fortifi\u00e9s contre ses ruses pernicieuses et ont go\u00fbt\u00e9 les dons que Dieu accorde durant les veilles, et qui ont exp\u00e9riment\u00e9 personnellement la grandeur de l&rsquo;aide que Dieu leur accorde, le m\u00e9prisent compl\u00e8tement, lui et tous ses stratag\u00e8mes.<\/p>\n<p>Isaac le Syrien (7e si\u00e8cle), moine pr\u00e8s de Mossoul<br \/>\n<i>Discours asc\u00e9tiques (trad. Deseille, La fournaise de Babylone, Eds. Pr\u00e9sence 1974, p. 90)<\/i><\/p>\n<p>&nbsp;<\/p>\n<p>&nbsp;<\/p>\n<p>&nbsp;<\/p>\n","protected":false},"excerpt":{"rendered":"<p>La pri\u00e8re offerte au temps de la nuit poss\u00e8de un grand pouvoir, plus que celle qui est offerte pendant le jour. C&rsquo;est pourquoi tous les saints ont eu l&rsquo;habitude de prier la nuit, combattant l&rsquo;assoupissement du corps et la douceur du sommeil et d\u00e9passant leur nature corporelle. Le proph\u00e8te disait lui aussi\u00a0: \u00ab\u00a0Je me suis [&hellip;]<\/p>\n","protected":false},"author":2,"featured_media":0,"comment_status":"closed","ping_status":"closed","sticky":false,"template":"","format":"standard","meta":{"footnotes":""},"categories":[3,13,1261,26],"tags":[509,567,830,1175],"class_list":["post-15464","post","type-post","status-publish","format-standard","hentry","category-liturgique","category-ecritures","category-enseignement-2","category-priere-des-ames","tag-isaac-le-syrien","tag-lampes","tag-priere","tag-veillez"],"_links":{"self":[{"href":"https:\/\/www.associationdemarie.org\/blog\/wp-json\/wp\/v2\/posts\/15464","targetHints":{"allow":["GET"]}}],"collection":[{"href":"https:\/\/www.associationdemarie.org\/blog\/wp-json\/wp\/v2\/posts"}],"about":[{"href":"https:\/\/www.associationdemarie.org\/blog\/wp-json\/wp\/v2\/types\/post"}],"author":[{"embeddable":true,"href":"https:\/\/www.associationdemarie.org\/blog\/wp-json\/wp\/v2\/users\/2"}],"replies":[{"embeddable":true,"href":"https:\/\/www.associationdemarie.org\/blog\/wp-json\/wp\/v2\/comments?post=15464"}],"version-history":[{"count":2,"href":"https:\/\/www.associationdemarie.org\/blog\/wp-json\/wp\/v2\/posts\/15464\/revisions"}],"predecessor-version":[{"id":15467,"href":"https:\/\/www.associationdemarie.org\/blog\/wp-json\/wp\/v2\/posts\/15464\/revisions\/15467"}],"wp:attachment":[{"href":"https:\/\/www.associationdemarie.org\/blog\/wp-json\/wp\/v2\/media?parent=15464"}],"wp:term":[{"taxonomy":"category","embeddable":true,"href":"https:\/\/www.associationdemarie.org\/blog\/wp-json\/wp\/v2\/categories?post=15464"},{"taxonomy":"post_tag","embeddable":true,"href":"https:\/\/www.associationdemarie.org\/blog\/wp-json\/wp\/v2\/tags?post=15464"}],"curies":[{"name":"wp","href":"https:\/\/api.w.org\/{rel}","templated":true}]}}