{"id":15438,"date":"2017-10-16T01:46:08","date_gmt":"2017-10-16T00:46:08","guid":{"rendered":"http:\/\/www.associationdemarie.org\/blog\/?p=15438"},"modified":"2017-10-01T08:48:09","modified_gmt":"2017-10-01T07:48:09","slug":"jonas-a-ete-un-signe-pour-les-habitants-de-ninive-il-en-sera-de-meme-avec-le-fils-de-lhomme-pour-cette-generation-2","status":"publish","type":"post","link":"https:\/\/www.associationdemarie.org\/blog\/jonas-a-ete-un-signe-pour-les-habitants-de-ninive-il-en-sera-de-meme-avec-le-fils-de-lhomme-pour-cette-generation-2\/","title":{"rendered":"\u00ab Jonas a \u00e9t\u00e9 un signe pour les habitants de Ninive : il en sera de m\u00eame avec le Fils de l&rsquo;homme pour cette g\u00e9n\u00e9ration. \u00bb"},"content":{"rendered":"<p><a href=\"https:\/\/www.associationdemarie.org\/blog\/wp-content\/uploads\/2017\/10\/maxresdefault.jpg\"><img loading=\"lazy\" decoding=\"async\" class=\"aligncenter  wp-image-15439\" src=\"https:\/\/www.associationdemarie.org\/blog\/wp-content\/uploads\/2017\/10\/maxresdefault.jpg\" alt=\"maxresdefault\" width=\"450\" height=\"253\" srcset=\"https:\/\/www.associationdemarie.org\/blog\/wp-content\/uploads\/2017\/10\/maxresdefault.jpg 1280w, https:\/\/www.associationdemarie.org\/blog\/wp-content\/uploads\/2017\/10\/maxresdefault-300x169.jpg 300w, https:\/\/www.associationdemarie.org\/blog\/wp-content\/uploads\/2017\/10\/maxresdefault-1024x576.jpg 1024w\" sizes=\"auto, (max-width: 450px) 100vw, 450px\" \/><\/a><\/p>\n<p>Tu as pr\u00e9venu le d\u00e9sespoir de Ninive, tu as d\u00e9tourn\u00e9 la menace d\u00e9j\u00e0 annonc\u00e9e, et ta mis\u00e9ricorde a vaincu ta col\u00e8re, Seigneur. Aie piti\u00e9, aujourd&rsquo;hui encore, de ton peuple et de ta ville\u00a0; renverse nos adversaires de ta main puissante, par l&rsquo;intercession de la M\u00e8re de Dieu, en accueillant notre repentir.<\/p>\n<p>L&rsquo;h\u00f4pital du repentir est ouvert \u00e0 toutes les maladies morales\u00a0: venez, h\u00e2tons-nous d&rsquo;y aller, et d&rsquo;y prendre de la vigueur pour nos \u00e2mes. C&rsquo;est dans le repentir que la p\u00e9cheresse a retrouv\u00e9 la sant\u00e9, que Pierre a \u00e9t\u00e9 d\u00e9livr\u00e9 de son reniement, que David a mis fin a la souffrance de son c\u0153ur, en lui que les Ninivites ont \u00e9t\u00e9 gu\u00e9ris (Lc 7,50; 22,62; 2S 12,13). N&rsquo;h\u00e9sitons donc pas, levons-nous, montrons notre blessure au Sauveur et laissons-nous panser. Car il surpasse tout d\u00e9sir dans l&rsquo;accueil qu&rsquo;il fait \u00e0 notre repentir.<\/p>\n<p>Jamais aucuns honoraires ne sont exig\u00e9s d&rsquo;un seul de ceux qui vont \u00e0 lui, car ils ne pourraient offrir un cadeau de m\u00eame valeur que la cure. Ils ont retrouv\u00e9 la sant\u00e9 gratuitement, mais ils ont donn\u00e9 ce qu&rsquo;ils pouvaient donner\u00a0: au lieu de cadeaux, des larmes, car ce sont l\u00e0 pour ce Lib\u00e9rateur de pr\u00e9cieux objets d&rsquo;amour et de d\u00e9sir. En t\u00e9moignent la p\u00e9cheresse, Pierre, David et les Ninivites, car c&rsquo;est en apportant seulement leurs g\u00e9missements qu&rsquo;ils sont all\u00e9s aux pieds du Lib\u00e9rateur, et il a re\u00e7u leur repentir.<\/p>\n<p>Les larmes sont souvent plus fortes que Dieu, si l&rsquo;on peut dire, et lui font vraiment violence\u00a0: car le Mis\u00e9ricordieux se laisse avec joie encha\u00eener par les larmes, par les larmes de l&rsquo;esprit du moins (cf 2Co 7,10)&#8230; Pleurons donc du c\u0153ur, de la mani\u00e8re par laquelle les Ninivites, gr\u00e2ce \u00e0 la contrition, ont ouvert le ciel et ont \u00e9t\u00e9 vus du Lib\u00e9rateur, qui a re\u00e7u leur repentir.<\/p>\n<p>Attribu\u00e9 \u00e0 saint Romanos le M\u00e9lode (?-v. 560), compositeur d&rsquo;hymnes<br \/>\n<i>Hymne \u00ab Ninive \u00bb ; SC 99 (trad. SC p. 411 rev.)<\/i><\/p>\n<p>&nbsp;<\/p>\n<p>&nbsp;<\/p>\n<p>&nbsp;<\/p>\n<p>&nbsp;<\/p>\n","protected":false},"excerpt":{"rendered":"<p>Tu as pr\u00e9venu le d\u00e9sespoir de Ninive, tu as d\u00e9tourn\u00e9 la menace d\u00e9j\u00e0 annonc\u00e9e, et ta mis\u00e9ricorde a vaincu ta col\u00e8re, Seigneur. Aie piti\u00e9, aujourd&rsquo;hui encore, de ton peuple et de ta ville\u00a0; renverse nos adversaires de ta main puissante, par l&rsquo;intercession de la M\u00e8re de Dieu, en accueillant notre repentir. L&rsquo;h\u00f4pital du repentir est [&hellip;]<\/p>\n","protected":false},"author":2,"featured_media":0,"comment_status":"closed","ping_status":"closed","sticky":false,"template":"","format":"standard","meta":{"footnotes":""},"categories":[3,13,1261],"tags":[678,886,1077],"class_list":["post-15438","post","type-post","status-publish","format-standard","hentry","category-liturgique","category-ecritures","category-enseignement-2","tag-misericorde","tag-repentir","tag-st-romanos-le-melode"],"_links":{"self":[{"href":"https:\/\/www.associationdemarie.org\/blog\/wp-json\/wp\/v2\/posts\/15438","targetHints":{"allow":["GET"]}}],"collection":[{"href":"https:\/\/www.associationdemarie.org\/blog\/wp-json\/wp\/v2\/posts"}],"about":[{"href":"https:\/\/www.associationdemarie.org\/blog\/wp-json\/wp\/v2\/types\/post"}],"author":[{"embeddable":true,"href":"https:\/\/www.associationdemarie.org\/blog\/wp-json\/wp\/v2\/users\/2"}],"replies":[{"embeddable":true,"href":"https:\/\/www.associationdemarie.org\/blog\/wp-json\/wp\/v2\/comments?post=15438"}],"version-history":[{"count":2,"href":"https:\/\/www.associationdemarie.org\/blog\/wp-json\/wp\/v2\/posts\/15438\/revisions"}],"predecessor-version":[{"id":15441,"href":"https:\/\/www.associationdemarie.org\/blog\/wp-json\/wp\/v2\/posts\/15438\/revisions\/15441"}],"wp:attachment":[{"href":"https:\/\/www.associationdemarie.org\/blog\/wp-json\/wp\/v2\/media?parent=15438"}],"wp:term":[{"taxonomy":"category","embeddable":true,"href":"https:\/\/www.associationdemarie.org\/blog\/wp-json\/wp\/v2\/categories?post=15438"},{"taxonomy":"post_tag","embeddable":true,"href":"https:\/\/www.associationdemarie.org\/blog\/wp-json\/wp\/v2\/tags?post=15438"}],"curies":[{"name":"wp","href":"https:\/\/api.w.org\/{rel}","templated":true}]}}