{"id":15431,"date":"2017-10-14T01:01:29","date_gmt":"2017-10-14T00:01:29","guid":{"rendered":"http:\/\/www.associationdemarie.org\/blog\/?p=15431"},"modified":"2017-09-28T18:03:21","modified_gmt":"2017-09-28T17:03:21","slug":"heureuse-la-mere-qui-ta-porte","status":"publish","type":"post","link":"https:\/\/www.associationdemarie.org\/blog\/heureuse-la-mere-qui-ta-porte\/","title":{"rendered":"\u00ab Heureuse la m\u00e8re qui t&rsquo;a port\u00e9. \u00bb"},"content":{"rendered":"<p><a href=\"https:\/\/www.associationdemarie.org\/blog\/wp-content\/uploads\/2017\/09\/azul.jpg\"><img loading=\"lazy\" decoding=\"async\" class=\"aligncenter  wp-image-15432\" src=\"https:\/\/www.associationdemarie.org\/blog\/wp-content\/uploads\/2017\/09\/azul.jpg\" alt=\"azul\" width=\"399\" height=\"561\" srcset=\"https:\/\/www.associationdemarie.org\/blog\/wp-content\/uploads\/2017\/09\/azul.jpg 1137w, https:\/\/www.associationdemarie.org\/blog\/wp-content\/uploads\/2017\/09\/azul-213x300.jpg 213w, https:\/\/www.associationdemarie.org\/blog\/wp-content\/uploads\/2017\/09\/azul-728x1024.jpg 728w\" sizes=\"auto, (max-width: 399px) 100vw, 399px\" \/><\/a><\/p>\n<p>\u00ab\u00a0R\u00e9jouis-toi, combl\u00e9e de gr\u00e2ce, le Seigneur est avec toi.\u00a0\u00bb (Lc 1,28) Et que peut-il y avoir de sup\u00e9rieur \u00e0 cette joie, \u00f4 Vierge M\u00e8re\u00a0? Que peut-il y avoir au-dessus de cette gr\u00e2ce\u00a0?&#8230; Vraiment \u00ab\u00a0tu es b\u00e9nie entre toutes les femmes\u00a0\u00bb (Lc 1,42), parce que tu as transform\u00e9 la mal\u00e9diction d&rsquo;\u00c8ve en b\u00e9n\u00e9diction\u00a0; parce que Adam, qui auparavant \u00e9tait maudit, a obtenu d&rsquo;\u00eatre b\u00e9ni \u00e0 cause de toi.<\/p>\n<p>Vraiment \u00ab\u00a0tu es b\u00e9nie entre toutes les femmes\u00a0\u00bb, parce que, gr\u00e2ce \u00e0 toi, la b\u00e9n\u00e9diction du P\u00e8re s&rsquo;est lev\u00e9e sur les hommes et les a d\u00e9livr\u00e9s de l&rsquo;antique mal\u00e9diction.<\/p>\n<p>Vraiment \u00ab\u00a0tu es b\u00e9nie entre toutes les femmes\u00a0\u00bb, parce que, gr\u00e2ce \u00e0 toi, tes anc\u00eatres sont sauv\u00e9s, car c&rsquo;est toi qui vas engendrer le Sauveur qui leur procurera le salut.<\/p>\n<p>Vraiment, \u00ab\u00a0tu es b\u00e9nie entre toutes les femmes\u00a0\u00bb, parce que, sans avoir re\u00e7u de semence, tu as port\u00e9 ce fruit qui fait don \u00e0 la terre enti\u00e8re de la b\u00e9n\u00e9diction, et la rach\u00e8te de la mal\u00e9diction d&rsquo;o\u00f9 naissent les \u00e9pines.<\/p>\n<p>Vraiment, \u00ab\u00a0tu es b\u00e9nie entre toutes les femmes\u00a0\u00bb, parce que, \u00e9tant femme par nature, tu deviens effectivement M\u00e8re de Dieu. Car si celui que tu dois enfanter est en v\u00e9rit\u00e9 Dieu incarn\u00e9, tu es appel\u00e9e M\u00e8re de Dieu \u00e0 tr\u00e8s juste titre, puisque c&rsquo;est Dieu que tu enfantes en toute v\u00e9rit\u00e9.<\/p>\n<p>Saint Sophrone de J\u00e9rusalem (?-639), moine, \u00e9v\u00eaque<br \/>\n<i>Hom\u00e9lie pour l&rsquo;Annonciation, 2 ; PG 87, 3, 3241 (trad. br\u00e9viaire, Commun de la Vierge Marie )<\/i><\/p>\n<p>&nbsp;<\/p>\n<p>&nbsp;<\/p>\n<p>&nbsp;<\/p>\n","protected":false},"excerpt":{"rendered":"<p>\u00ab\u00a0R\u00e9jouis-toi, combl\u00e9e de gr\u00e2ce, le Seigneur est avec toi.\u00a0\u00bb (Lc 1,28) Et que peut-il y avoir de sup\u00e9rieur \u00e0 cette joie, \u00f4 Vierge M\u00e8re\u00a0? Que peut-il y avoir au-dessus de cette gr\u00e2ce\u00a0?&#8230; Vraiment \u00ab\u00a0tu es b\u00e9nie entre toutes les femmes\u00a0\u00bb (Lc 1,42), parce que tu as transform\u00e9 la mal\u00e9diction d&rsquo;\u00c8ve en b\u00e9n\u00e9diction\u00a0; parce que Adam, [&hellip;]<\/p>\n","protected":false},"author":2,"featured_media":0,"comment_status":"closed","ping_status":"closed","sticky":false,"template":"","format":"standard","meta":{"footnotes":""},"categories":[3,13,1261,28],"tags":[1472,1189],"class_list":["post-15431","post","type-post","status-publish","format-standard","hentry","category-liturgique","category-ecritures","category-enseignement-2","category-saints-et-saintes","tag-st-sophrome-de-jerusalem","tag-vierge-marie"],"_links":{"self":[{"href":"https:\/\/www.associationdemarie.org\/blog\/wp-json\/wp\/v2\/posts\/15431","targetHints":{"allow":["GET"]}}],"collection":[{"href":"https:\/\/www.associationdemarie.org\/blog\/wp-json\/wp\/v2\/posts"}],"about":[{"href":"https:\/\/www.associationdemarie.org\/blog\/wp-json\/wp\/v2\/types\/post"}],"author":[{"embeddable":true,"href":"https:\/\/www.associationdemarie.org\/blog\/wp-json\/wp\/v2\/users\/2"}],"replies":[{"embeddable":true,"href":"https:\/\/www.associationdemarie.org\/blog\/wp-json\/wp\/v2\/comments?post=15431"}],"version-history":[{"count":2,"href":"https:\/\/www.associationdemarie.org\/blog\/wp-json\/wp\/v2\/posts\/15431\/revisions"}],"predecessor-version":[{"id":15434,"href":"https:\/\/www.associationdemarie.org\/blog\/wp-json\/wp\/v2\/posts\/15431\/revisions\/15434"}],"wp:attachment":[{"href":"https:\/\/www.associationdemarie.org\/blog\/wp-json\/wp\/v2\/media?parent=15431"}],"wp:term":[{"taxonomy":"category","embeddable":true,"href":"https:\/\/www.associationdemarie.org\/blog\/wp-json\/wp\/v2\/categories?post=15431"},{"taxonomy":"post_tag","embeddable":true,"href":"https:\/\/www.associationdemarie.org\/blog\/wp-json\/wp\/v2\/tags?post=15431"}],"curies":[{"name":"wp","href":"https:\/\/api.w.org\/{rel}","templated":true}]}}