{"id":15385,"date":"2017-10-01T01:08:52","date_gmt":"2017-10-01T00:08:52","guid":{"rendered":"http:\/\/www.associationdemarie.org\/blog\/?p=15385"},"modified":"2017-09-13T19:10:07","modified_gmt":"2017-09-13T18:10:07","slug":"obeissants-au-pere-a-la-suite-du-fils-2","status":"publish","type":"post","link":"https:\/\/www.associationdemarie.org\/blog\/obeissants-au-pere-a-la-suite-du-fils-2\/","title":{"rendered":"Ob\u00e9issants au P\u00e8re, \u00e0 la suite du Fils"},"content":{"rendered":"<p><a href=\"https:\/\/www.associationdemarie.org\/blog\/wp-content\/uploads\/2017\/09\/53b2618ba630b1864404b21954fe74e9.jpg\"><img loading=\"lazy\" decoding=\"async\" class=\"aligncenter size-full wp-image-15386\" src=\"https:\/\/www.associationdemarie.org\/blog\/wp-content\/uploads\/2017\/09\/53b2618ba630b1864404b21954fe74e9.jpg\" alt=\"53b2618ba630b1864404b21954fe74e9\" width=\"345\" height=\"472\" srcset=\"https:\/\/www.associationdemarie.org\/blog\/wp-content\/uploads\/2017\/09\/53b2618ba630b1864404b21954fe74e9.jpg 345w, https:\/\/www.associationdemarie.org\/blog\/wp-content\/uploads\/2017\/09\/53b2618ba630b1864404b21954fe74e9-219x300.jpg 219w\" sizes=\"auto, (max-width: 345px) 100vw, 345px\" \/><\/a><\/p>\n<p>\u00ab\u00a0Que ta volont\u00e9 soit faite\u00a0!\u00a0\u00bb (Mt 6,10) C&rsquo;\u00e9tait bien l\u00e0 toute la vie du Sauveur. Il est venu dans le monde pour accomplir la volont\u00e9 du P\u00e8re, non seulement afin d&rsquo;expier le p\u00e9ch\u00e9 de d\u00e9sob\u00e9issance par son ob\u00e9issance (Rm 5,19), mais encore pour ramener les hommes vers leur vocation sur le chemin de l&rsquo;ob\u00e9issance.<\/p>\n<p>Il n&rsquo;est pas donn\u00e9 \u00e0 la volont\u00e9 des \u00eatres cr\u00e9\u00e9s d&rsquo;\u00eatre libre en \u00e9tant son propre ma\u00eetre\u00a0; elle est appel\u00e9e \u00e0 s&rsquo;accorder \u00e0 la volont\u00e9 de Dieu. Si elle s&rsquo;y accorde par sa libre soumission, il lui est alors offert de participer librement \u00e0 l&rsquo;ach\u00e8vement de la cr\u00e9ation. Si elle s&rsquo;y refuse, la cr\u00e9ature libre perd aussi sa libert\u00e9. La volont\u00e9 de l&rsquo;homme conserve encore le libre arbitre, mais il est s\u00e9duit par les choses de ce monde\u00a0; elles le tirent et le poussent en des directions qui l&rsquo;\u00e9loignent de l&rsquo;\u00e9panouissement de sa nature tel que Dieu l&rsquo;a voulu et elles l&rsquo;\u00e9cartent du but qu&rsquo;il s&rsquo;est fix\u00e9 lui-m\u00eame dans sa libert\u00e9 originelle. En plus de cette libert\u00e9 originelle, il perd la s\u00fbret\u00e9 de sa r\u00e9solution. Il devient changeant et ind\u00e9cis, tiraill\u00e9 par des doutes et des scrupules ou endurci dans son \u00e9garement.<\/p>\n<p>Contre cela, il n&rsquo;y a pas d&rsquo;autre rem\u00e8de que le chemin \u00e0 la suite du Christ, le Fils de l&rsquo;homme qui non seulement ob\u00e9issait directement au P\u00e8re des cieux mais se soumettait aussi aux hommes qui lui signifiaient la volont\u00e9 du P\u00e8re. L&rsquo;ob\u00e9issance telle que Dieu l&rsquo;a voulue lib\u00e8re notre volont\u00e9 esclave de tous les liens des choses cr\u00e9\u00e9es et la ram\u00e8ne vers la libert\u00e9. C&rsquo;est donc aussi le chemin vers la puret\u00e9 du c\u0153ur.<\/p>\n<p>Sainte Th\u00e9r\u00e8se-B\u00e9n\u00e9dicte de la Croix [\u00c9dith Stein] (1891-1942), carm\u00e9lite, martyre, copatronne de l&rsquo;Europe<br \/>\n<i>M\u00e9ditation pour la f\u00eate de l&rsquo;Exaltation de la croix (trad. Source cach\u00e9e, Cerf 1991, p. 278 rev.)<\/i><\/p>\n<p>&nbsp;<\/p>\n<p>&nbsp;<\/p>\n<p>&nbsp;<\/p>\n","protected":false},"excerpt":{"rendered":"<p>\u00ab\u00a0Que ta volont\u00e9 soit faite\u00a0!\u00a0\u00bb (Mt 6,10) C&rsquo;\u00e9tait bien l\u00e0 toute la vie du Sauveur. Il est venu dans le monde pour accomplir la volont\u00e9 du P\u00e8re, non seulement afin d&rsquo;expier le p\u00e9ch\u00e9 de d\u00e9sob\u00e9issance par son ob\u00e9issance (Rm 5,19), mais encore pour ramener les hommes vers leur vocation sur le chemin de l&rsquo;ob\u00e9issance. Il [&hellip;]<\/p>\n","protected":false},"author":2,"featured_media":0,"comment_status":"closed","ping_status":"closed","sticky":false,"template":"","format":"standard","meta":{"footnotes":""},"categories":[3,13,1261],"tags":[1108,1203],"class_list":["post-15385","post","type-post","status-publish","format-standard","hentry","category-liturgique","category-ecritures","category-enseignement-2","tag-ste-therese-benedicte-de-la-croix","tag-volonte-divine"],"_links":{"self":[{"href":"https:\/\/www.associationdemarie.org\/blog\/wp-json\/wp\/v2\/posts\/15385","targetHints":{"allow":["GET"]}}],"collection":[{"href":"https:\/\/www.associationdemarie.org\/blog\/wp-json\/wp\/v2\/posts"}],"about":[{"href":"https:\/\/www.associationdemarie.org\/blog\/wp-json\/wp\/v2\/types\/post"}],"author":[{"embeddable":true,"href":"https:\/\/www.associationdemarie.org\/blog\/wp-json\/wp\/v2\/users\/2"}],"replies":[{"embeddable":true,"href":"https:\/\/www.associationdemarie.org\/blog\/wp-json\/wp\/v2\/comments?post=15385"}],"version-history":[{"count":1,"href":"https:\/\/www.associationdemarie.org\/blog\/wp-json\/wp\/v2\/posts\/15385\/revisions"}],"predecessor-version":[{"id":15387,"href":"https:\/\/www.associationdemarie.org\/blog\/wp-json\/wp\/v2\/posts\/15385\/revisions\/15387"}],"wp:attachment":[{"href":"https:\/\/www.associationdemarie.org\/blog\/wp-json\/wp\/v2\/media?parent=15385"}],"wp:term":[{"taxonomy":"category","embeddable":true,"href":"https:\/\/www.associationdemarie.org\/blog\/wp-json\/wp\/v2\/categories?post=15385"},{"taxonomy":"post_tag","embeddable":true,"href":"https:\/\/www.associationdemarie.org\/blog\/wp-json\/wp\/v2\/tags?post=15385"}],"curies":[{"name":"wp","href":"https:\/\/api.w.org\/{rel}","templated":true}]}}