{"id":1538,"date":"2010-09-30T01:41:28","date_gmt":"2010-09-30T01:41:28","guid":{"rendered":"http:\/\/preprod.meltem-int.com\/marie\/blog\/?p=1538"},"modified":"2010-09-30T01:41:28","modified_gmt":"2010-09-30T01:41:28","slug":"intentions-generales-et-missionnaires-du-saint-pere-pour-octobre-2010","status":"publish","type":"post","link":"https:\/\/www.associationdemarie.org\/blog\/intentions-generales-et-missionnaires-du-saint-pere-pour-octobre-2010\/","title":{"rendered":"Intentions g\u00e9n\u00e9rales et missionnaires du Saint-P\u00e8re pour octobre 2010"},"content":{"rendered":"<p><a href=\"https:\/\/www.associationdemarie.org\/blog\/wp-content\/uploads\/2010\/09\/Benoit-16.jpg\"><img loading=\"lazy\" decoding=\"async\" class=\"aligncenter size-medium wp-image-1539\" title=\"Benoit 16\" src=\"https:\/\/www.associationdemarie.org\/blog\/wp-content\/uploads\/2010\/09\/Benoit-16-300x265.jpg\" alt=\"\" width=\"300\" height=\"265\" srcset=\"https:\/\/www.associationdemarie.org\/blog\/wp-content\/uploads\/2010\/09\/Benoit-16-300x265.jpg 300w, https:\/\/www.associationdemarie.org\/blog\/wp-content\/uploads\/2010\/09\/Benoit-16.jpg 340w\" sizes=\"auto, (max-width: 300px) 100vw, 300px\" \/><\/a><\/p>\n<p><strong>G\u00e9n\u00e9rale &#8211; Les Universit\u00e9s catholiques<\/strong><\/p>\n<p>Pour que les Universit\u00e9s catholiques deviennent toujours plus des lieux o\u00f9, gr\u00e2ce \u00e0 la lumi\u00e8re de l&rsquo;Evangile, il soit possible d&rsquo;exp\u00e9rimenter l&rsquo;unit\u00e9 harmonieuse existant entre foi et raison.<\/p>\n<p><strong>Missionnaire &#8211; La Journ\u00e9e Missionnaire Mondiale<\/strong><br \/>\nPour que la c\u00e9l\u00e9bration de la Journ\u00e9e Missionnaire Mondiale soit l&rsquo;occasion de comprendre que la t\u00e2che d&rsquo;annoncer le Christ est un service n\u00e9cessaire que l&rsquo;Eglise est appel\u00e9e \u00e0 effectuer en faveur de l&rsquo;humanit\u00e9.<\/p>\n","protected":false},"excerpt":{"rendered":"<p>G\u00e9n\u00e9rale &#8211; Les Universit\u00e9s catholiques Pour que les Universit\u00e9s catholiques deviennent toujours plus des lieux o\u00f9, gr\u00e2ce \u00e0 la lumi\u00e8re de l&rsquo;Evangile, il soit possible d&rsquo;exp\u00e9rimenter l&rsquo;unit\u00e9 harmonieuse existant entre foi et raison. Missionnaire &#8211; La Journ\u00e9e Missionnaire Mondiale Pour que la c\u00e9l\u00e9bration de la Journ\u00e9e Missionnaire Mondiale soit l&rsquo;occasion de comprendre que la t\u00e2che [&hellip;]<\/p>\n","protected":false},"author":2,"featured_media":0,"comment_status":"closed","ping_status":"closed","sticky":false,"template":"","format":"standard","meta":{"footnotes":""},"categories":[2,3,14],"tags":[142,505,679],"class_list":["post-1538","post","type-post","status-publish","format-standard","hentry","category-actualites","category-liturgique","category-groupe-prieres","tag-benoit-16","tag-intentions-de-prieres","tag-mission"],"_links":{"self":[{"href":"https:\/\/www.associationdemarie.org\/blog\/wp-json\/wp\/v2\/posts\/1538","targetHints":{"allow":["GET"]}}],"collection":[{"href":"https:\/\/www.associationdemarie.org\/blog\/wp-json\/wp\/v2\/posts"}],"about":[{"href":"https:\/\/www.associationdemarie.org\/blog\/wp-json\/wp\/v2\/types\/post"}],"author":[{"embeddable":true,"href":"https:\/\/www.associationdemarie.org\/blog\/wp-json\/wp\/v2\/users\/2"}],"replies":[{"embeddable":true,"href":"https:\/\/www.associationdemarie.org\/blog\/wp-json\/wp\/v2\/comments?post=1538"}],"version-history":[{"count":0,"href":"https:\/\/www.associationdemarie.org\/blog\/wp-json\/wp\/v2\/posts\/1538\/revisions"}],"wp:attachment":[{"href":"https:\/\/www.associationdemarie.org\/blog\/wp-json\/wp\/v2\/media?parent=1538"}],"wp:term":[{"taxonomy":"category","embeddable":true,"href":"https:\/\/www.associationdemarie.org\/blog\/wp-json\/wp\/v2\/categories?post=1538"},{"taxonomy":"post_tag","embeddable":true,"href":"https:\/\/www.associationdemarie.org\/blog\/wp-json\/wp\/v2\/tags?post=1538"}],"curies":[{"name":"wp","href":"https:\/\/api.w.org\/{rel}","templated":true}]}}