{"id":15328,"date":"2017-09-15T01:10:09","date_gmt":"2017-09-15T00:10:09","guid":{"rendered":"http:\/\/www.associationdemarie.org\/blog\/?p=15328"},"modified":"2017-08-31T19:11:32","modified_gmt":"2017-08-31T18:11:32","slug":"notre-dame-des-douleurs-2","status":"publish","type":"post","link":"https:\/\/www.associationdemarie.org\/blog\/notre-dame-des-douleurs-2\/","title":{"rendered":"Notre Dame des Douleurs"},"content":{"rendered":"<p><a href=\"https:\/\/www.associationdemarie.org\/blog\/wp-content\/uploads\/2017\/08\/septdo10.jpg\"><img loading=\"lazy\" decoding=\"async\" class=\"aligncenter size-full wp-image-15329\" src=\"https:\/\/www.associationdemarie.org\/blog\/wp-content\/uploads\/2017\/08\/septdo10.jpg\" alt=\"septdo10\" width=\"338\" height=\"599\" srcset=\"https:\/\/www.associationdemarie.org\/blog\/wp-content\/uploads\/2017\/08\/septdo10.jpg 338w, https:\/\/www.associationdemarie.org\/blog\/wp-content\/uploads\/2017\/08\/septdo10-169x300.jpg 169w\" sizes=\"auto, (max-width: 338px) 100vw, 338px\" \/><\/a><\/p>\n<p>Quand J\u00e9sus s&rsquo;est mis \u00e0 parcourir les villes et les villages pour annoncer la Bonne Nouvelle (Mt 9,35), Marie l&rsquo;accompagnait, ins\u00e9parablement attach\u00e9e \u00e0 ses pas, suspendue \u00e0 ses l\u00e8vres d\u00e8s qu&rsquo;il ouvrait la bouche pour enseigner. \u00c0 tel point que ni la temp\u00eate de la pers\u00e9cution ni l&rsquo;horreur du supplice n&rsquo;ont pu lui faire abandonner la compagnie de son Fils, l&rsquo;enseignement de son Ma\u00eetre. \u00ab\u00a0Pr\u00e8s de la croix de J\u00e9sus se tenait Marie, sa m\u00e8re\u00a0\u00bb. Vraiment, elle est m\u00e8re, celle qui n&rsquo;abandonnait pas son Fils, m\u00eame dans les terreurs de la mort. Comment aurait-elle pu \u00eatre effray\u00e9e par la mort, elle dont \u00ab\u00a0l&rsquo;amour \u00e9tait fort comme la mort\u00a0\u00bb (Ct 8,6) et m\u00eame plus fort que la mort. Oui, elle se tenait debout pr\u00e8s de la croix de J\u00e9sus et la douleur de cette croix la crucifiait dans son c\u0153ur elle aussi\u00a0; toutes les plaies dont elle voyait bless\u00e9 le corps de son Fils \u00e9taient autant de glaives qui lui transper\u00e7aient l&rsquo;\u00e2me (Lc 2,35). C&rsquo;est donc \u00e0 juste titre qu&rsquo;elle est proclam\u00e9e M\u00e8re ici et qu&rsquo;un protecteur bien choisi est d\u00e9sign\u00e9 pour prendre soin d&rsquo;elle, car c&rsquo;est ici surtout que se manifestent l&rsquo;amour parfait de la m\u00e8re \u00e0 l&rsquo;\u00e9gard du Fils et la vraie humanit\u00e9 que le Fils avait re\u00e7ue de sa m\u00e8re&#8230;<\/p>\n<p>J\u00e9sus \u00ab\u00a0l&rsquo;ayant aim\u00e9e, il l&rsquo;aima jusqu&rsquo;\u00e0 la fin\u00a0\u00bb (Jn 13,1). Non seulement la fin de sa vie a \u00e9t\u00e9 pour elle, mais aussi ses derniers mots\u00a0: achevant pour ainsi dire de dicter son testament, J\u00e9sus a confi\u00e9 le soin de sa m\u00e8re \u00e0 son plus cher h\u00e9ritier&#8230; Pierre, pour sa part, a re\u00e7u l&rsquo;\u00c9glise, et Jean, Marie. Cette part revenait \u00e0 Jean comme un signe de l&rsquo;amour privil\u00e9gi\u00e9 dont il \u00e9tait l&rsquo;objet, mais aussi \u00e0 cause de sa chastet\u00e9&#8230; Car il convenait que personne d&rsquo;autre ne rende ses services \u00e0 la m\u00e8re du Seigneur que le disciple bien-aim\u00e9 de son Fils&#8230; Et par cette disposition providentielle, le futur \u00e9vang\u00e9liste pourrait s&rsquo;entretenir famili\u00e8rement de tout avec celle qui savait tout, elle qui, depuis le commencement, observait attentivement tout ce qui concernait son Fils, qui \u00ab\u00a0conservait avec soin toutes ces choses et les m\u00e9ditait dans son c\u0153ur\u00a0\u00bb (Lc 2,19).<\/p>\n<p>Bienheureux Guerric d&rsquo;Igny (v. 1080-1157), abb\u00e9 cistercien<br \/>\n<i>4\u00e8me Sermon pour l&rsquo;Assomption (trad. cf. Pain de C\u00eeteaux 8, p. 105 et SC 202, p. 459)<\/i><\/p>\n<p>&nbsp;<\/p>\n<p>&nbsp;<\/p>\n<p>&nbsp;<\/p>\n","protected":false},"excerpt":{"rendered":"<p>Quand J\u00e9sus s&rsquo;est mis \u00e0 parcourir les villes et les villages pour annoncer la Bonne Nouvelle (Mt 9,35), Marie l&rsquo;accompagnait, ins\u00e9parablement attach\u00e9e \u00e0 ses pas, suspendue \u00e0 ses l\u00e8vres d\u00e8s qu&rsquo;il ouvrait la bouche pour enseigner. \u00c0 tel point que ni la temp\u00eate de la pers\u00e9cution ni l&rsquo;horreur du supplice n&rsquo;ont pu lui faire abandonner [&hellip;]<\/p>\n","protected":false},"author":2,"featured_media":0,"comment_status":"closed","ping_status":"closed","sticky":false,"template":"","format":"standard","meta":{"footnotes":""},"categories":[3,13,1261],"tags":[155,1285,777,1041],"class_list":["post-15328","post","type-post","status-publish","format-standard","hentry","category-liturgique","category-ecritures","category-enseignement-2","tag-bienheureux-guerric-digny","tag-notre-dame-des-7-douleurs","tag-passion","tag-st-jean"],"_links":{"self":[{"href":"https:\/\/www.associationdemarie.org\/blog\/wp-json\/wp\/v2\/posts\/15328","targetHints":{"allow":["GET"]}}],"collection":[{"href":"https:\/\/www.associationdemarie.org\/blog\/wp-json\/wp\/v2\/posts"}],"about":[{"href":"https:\/\/www.associationdemarie.org\/blog\/wp-json\/wp\/v2\/types\/post"}],"author":[{"embeddable":true,"href":"https:\/\/www.associationdemarie.org\/blog\/wp-json\/wp\/v2\/users\/2"}],"replies":[{"embeddable":true,"href":"https:\/\/www.associationdemarie.org\/blog\/wp-json\/wp\/v2\/comments?post=15328"}],"version-history":[{"count":1,"href":"https:\/\/www.associationdemarie.org\/blog\/wp-json\/wp\/v2\/posts\/15328\/revisions"}],"predecessor-version":[{"id":15330,"href":"https:\/\/www.associationdemarie.org\/blog\/wp-json\/wp\/v2\/posts\/15328\/revisions\/15330"}],"wp:attachment":[{"href":"https:\/\/www.associationdemarie.org\/blog\/wp-json\/wp\/v2\/media?parent=15328"}],"wp:term":[{"taxonomy":"category","embeddable":true,"href":"https:\/\/www.associationdemarie.org\/blog\/wp-json\/wp\/v2\/categories?post=15328"},{"taxonomy":"post_tag","embeddable":true,"href":"https:\/\/www.associationdemarie.org\/blog\/wp-json\/wp\/v2\/tags?post=15328"}],"curies":[{"name":"wp","href":"https:\/\/api.w.org\/{rel}","templated":true}]}}