{"id":15312,"date":"2017-09-10T01:07:47","date_gmt":"2017-09-10T00:07:47","guid":{"rendered":"http:\/\/www.associationdemarie.org\/blog\/?p=15312"},"modified":"2017-08-27T08:10:10","modified_gmt":"2017-08-27T07:10:10","slug":"tout-ce-que-vous-aurez-delie-sur-la-terre-sera-delie-dans-le-ciel-le-sacrement-de-reconciliation","status":"publish","type":"post","link":"https:\/\/www.associationdemarie.org\/blog\/tout-ce-que-vous-aurez-delie-sur-la-terre-sera-delie-dans-le-ciel-le-sacrement-de-reconciliation\/","title":{"rendered":"\u00ab Tout ce que vous aurez d\u00e9li\u00e9 sur la terre sera d\u00e9li\u00e9 dans le ciel. \u00bb : le sacrement de r\u00e9conciliation"},"content":{"rendered":"<p>&nbsp;<\/p>\n<p><a href=\"https:\/\/www.associationdemarie.org\/blog\/wp-content\/uploads\/2017\/08\/dieu-maccorde-son-pardon.jpg\"><img loading=\"lazy\" decoding=\"async\" class=\" wp-image-15313\" src=\"https:\/\/www.associationdemarie.org\/blog\/wp-content\/uploads\/2017\/08\/dieu-maccorde-son-pardon.jpg\" alt=\"Jesus Comforting\" width=\"415\" height=\"287\" srcset=\"https:\/\/www.associationdemarie.org\/blog\/wp-content\/uploads\/2017\/08\/dieu-maccorde-son-pardon.jpg 856w, https:\/\/www.associationdemarie.org\/blog\/wp-content\/uploads\/2017\/08\/dieu-maccorde-son-pardon-300x207.jpg 300w\" sizes=\"auto, (max-width: 415px) 100vw, 415px\" \/><\/a><\/p>\n<p>L&rsquo;autre jour, quelqu&rsquo;un, un journaliste, m&rsquo;a pos\u00e9 une question \u00e9trange\u00a0: \u00ab\u00a0Vous-m\u00eame, allez-vous en confession\u00a0? \u2013 Oui, je vais en confession chaque semaine, ai-je r\u00e9pondu. \u2013 Dieu doit \u00eatre plus qu&rsquo;exigeant si vous-m\u00eame avez \u00e0 vous confesser\u00a0\u00bb.<\/p>\n<p>C&rsquo;\u00e9tait \u00e0 mon tour de lui dire\u00a0: \u00ab\u00a0Il arrive parfois \u00e0 votre propre enfant de mal agir. Que se passe-t-il quand il vous annonce\u00a0: &lsquo;Papa, je suis d\u00e9sol\u00e9\u00a0!&rsquo; Que faites-vous\u00a0? Vous prenez votre enfant dans vos bras et vous l&#8217;embrassez. Pourquoi\u00a0? Parce que c&rsquo;est votre fa\u00e7on de lui dire que vous l&rsquo;aimez. Dieu fait la m\u00eame chose. Il vous aime tendrement\u00a0\u00bb. Si nous avons p\u00e9ch\u00e9 ou si nous avons commis une faute, faisons en sorte que cela nous aide \u00e0 nous rapprocher de Dieu. Disons lui humblement\u00a0: \u00ab\u00a0Je sais que je n&rsquo;aurais pas d\u00fb agir ainsi, mais m\u00eame cette chute, je te l&rsquo;offre\u00a0\u00bb.<\/p>\n<p>Si nous avons p\u00e9ch\u00e9, si nous avons faut\u00e9, allons vers lui et disons-lui\u00a0: \u00ab\u00a0Je regrette\u00a0! Je me repens\u00a0!\u00a0\u00bb Dieu est un p\u00e8re qui prend piti\u00e9. Sa mis\u00e9ricorde est plus grande que nos p\u00e9ch\u00e9s. Il nous pardonnera.<\/p>\n<p>Sainte Teresa de Calcutta (1910-1997), fondatrice des S\u0153urs Missionnaires de la Charit\u00e9<br \/>\n<i>No Greater Love (trad. Il n&rsquo;y a pas de plus grand amour, Latt\u00e8s 1997, p. 117 rev.)<\/i><\/p>\n<p>&nbsp;<\/p>\n<p>&nbsp;<\/p>\n","protected":false},"excerpt":{"rendered":"<p>&nbsp; L&rsquo;autre jour, quelqu&rsquo;un, un journaliste, m&rsquo;a pos\u00e9 une question \u00e9trange\u00a0: \u00ab\u00a0Vous-m\u00eame, allez-vous en confession\u00a0? \u2013 Oui, je vais en confession chaque semaine, ai-je r\u00e9pondu. \u2013 Dieu doit \u00eatre plus qu&rsquo;exigeant si vous-m\u00eame avez \u00e0 vous confesser\u00a0\u00bb. C&rsquo;\u00e9tait \u00e0 mon tour de lui dire\u00a0: \u00ab\u00a0Il arrive parfois \u00e0 votre propre enfant de mal agir. Que [&hellip;]<\/p>\n","protected":false},"author":2,"featured_media":0,"comment_status":"closed","ping_status":"closed","sticky":false,"template":"","format":"standard","meta":{"footnotes":""},"categories":[3,13,1261],"tags":[678,868,1465],"class_list":["post-15312","post","type-post","status-publish","format-standard","hentry","category-liturgique","category-ecritures","category-enseignement-2","tag-misericorde","tag-reconciliation","tag-ste-therese-de-calcutta"],"_links":{"self":[{"href":"https:\/\/www.associationdemarie.org\/blog\/wp-json\/wp\/v2\/posts\/15312","targetHints":{"allow":["GET"]}}],"collection":[{"href":"https:\/\/www.associationdemarie.org\/blog\/wp-json\/wp\/v2\/posts"}],"about":[{"href":"https:\/\/www.associationdemarie.org\/blog\/wp-json\/wp\/v2\/types\/post"}],"author":[{"embeddable":true,"href":"https:\/\/www.associationdemarie.org\/blog\/wp-json\/wp\/v2\/users\/2"}],"replies":[{"embeddable":true,"href":"https:\/\/www.associationdemarie.org\/blog\/wp-json\/wp\/v2\/comments?post=15312"}],"version-history":[{"count":2,"href":"https:\/\/www.associationdemarie.org\/blog\/wp-json\/wp\/v2\/posts\/15312\/revisions"}],"predecessor-version":[{"id":15315,"href":"https:\/\/www.associationdemarie.org\/blog\/wp-json\/wp\/v2\/posts\/15312\/revisions\/15315"}],"wp:attachment":[{"href":"https:\/\/www.associationdemarie.org\/blog\/wp-json\/wp\/v2\/media?parent=15312"}],"wp:term":[{"taxonomy":"category","embeddable":true,"href":"https:\/\/www.associationdemarie.org\/blog\/wp-json\/wp\/v2\/categories?post=15312"},{"taxonomy":"post_tag","embeddable":true,"href":"https:\/\/www.associationdemarie.org\/blog\/wp-json\/wp\/v2\/tags?post=15312"}],"curies":[{"name":"wp","href":"https:\/\/api.w.org\/{rel}","templated":true}]}}