{"id":15259,"date":"2017-08-29T02:21:50","date_gmt":"2017-08-29T01:21:50","guid":{"rendered":"http:\/\/www.associationdemarie.org\/blog\/?p=15259"},"modified":"2017-08-07T23:23:32","modified_gmt":"2017-08-07T22:23:32","slug":"martyre-de-saint-jean-baptiste-m-2","status":"publish","type":"post","link":"https:\/\/www.associationdemarie.org\/blog\/martyre-de-saint-jean-baptiste-m-2\/","title":{"rendered":"Martyre de Saint Jean-Baptiste (m)"},"content":{"rendered":"<p><a href=\"https:\/\/www.associationdemarie.org\/blog\/wp-content\/uploads\/2017\/08\/1-stories-preghiera-martirologio-agosto-img-3421-giovanni-battista-2.jpg\"><img loading=\"lazy\" decoding=\"async\" class=\"aligncenter  wp-image-15260\" src=\"https:\/\/www.associationdemarie.org\/blog\/wp-content\/uploads\/2017\/08\/1-stories-preghiera-martirologio-agosto-img-3421-giovanni-battista-2.jpg\" alt=\"1-stories-preghiera-martirologio-agosto-img-3421-giovanni-battista-2\" width=\"412\" height=\"523\" srcset=\"https:\/\/www.associationdemarie.org\/blog\/wp-content\/uploads\/2017\/08\/1-stories-preghiera-martirologio-agosto-img-3421-giovanni-battista-2.jpg 473w, https:\/\/www.associationdemarie.org\/blog\/wp-content\/uploads\/2017\/08\/1-stories-preghiera-martirologio-agosto-img-3421-giovanni-battista-2-237x300.jpg 237w\" sizes=\"auto, (max-width: 412px) 100vw, 412px\" \/><\/a><\/p>\n<p>La mort du Christ est \u00e0 l&rsquo;origine d&rsquo;une foule innombrable de croyants. Par la puissance de ce m\u00eame Seigneur J\u00e9sus, et gr\u00e2ce \u00e0 sa bont\u00e9, la mort pr\u00e9cieuse de ses martyrs et de ses saints a fait na\u00eetre une grande multitude de chr\u00e9tiens. Jamais, en effet, la religion chr\u00e9tienne n&rsquo;a pu \u00eatre an\u00e9antie par la pers\u00e9cution des tyrans et le meurtre injustifiable d&rsquo;innocents\u00a0: elle en a plut\u00f4t tir\u00e9 chaque fois un grand accroissement.<\/p>\n<p>Nous en avons un exemple en saint Jean, qui a baptis\u00e9 le Christ et dont nous f\u00eatons aujourd&rsquo;hui le saint martyre. Par fid\u00e9lit\u00e9 \u00e0 son serment, H\u00e9rode, ce roi infid\u00e8le, a voulu effacer compl\u00e8tement de la m\u00e9moire des hommes le souvenir de Jean. Or, non seulement Jean n&rsquo;a pas \u00e9t\u00e9 an\u00e9anti, mais des hommes par milliers, enflamm\u00e9s par son exemple, ont accueilli la mort avec joie pour la justice et la v\u00e9rit\u00e9\u2026 Aujourd&rsquo;hui quel chr\u00e9tien digne de ce nom n&rsquo;honore pas Jean, celui qui a baptis\u00e9 le Seigneur\u00a0? Partout dans le monde les chr\u00e9tiens c\u00e9l\u00e8brent sa m\u00e9moire, toutes les g\u00e9n\u00e9rations le proclament bienheureux et ses vertus remplissent l&rsquo;\u00c9glise de leur bonne odeur. Jean n&rsquo;a pas v\u00e9cu pour lui seul et il n&rsquo;est pas mort pour lui seul.<\/p>\n<p>Lansperge le Chartreux (1489-1539), religieux, th\u00e9ologien<br \/>\n<i>Sermon pour le martyre de Jean Baptiste, Opera omnia, t. 2, p. 514s (trad. Orval)<\/i><\/p>\n<p>&nbsp;<\/p>\n<p>&nbsp;<\/p>\n<p>&nbsp;<\/p>\n","protected":false},"excerpt":{"rendered":"<p>La mort du Christ est \u00e0 l&rsquo;origine d&rsquo;une foule innombrable de croyants. Par la puissance de ce m\u00eame Seigneur J\u00e9sus, et gr\u00e2ce \u00e0 sa bont\u00e9, la mort pr\u00e9cieuse de ses martyrs et de ses saints a fait na\u00eetre une grande multitude de chr\u00e9tiens. Jamais, en effet, la religion chr\u00e9tienne n&rsquo;a pu \u00eatre an\u00e9antie par la [&hellip;]<\/p>\n","protected":false},"author":2,"featured_media":0,"comment_status":"closed","ping_status":"closed","sticky":false,"template":"","format":"standard","meta":{"footnotes":""},"categories":[28],"tags":[571,647,1042],"class_list":["post-15259","post","type-post","status-publish","format-standard","hentry","category-saints-et-saintes","tag-lansperge-le-chartreux","tag-martyr","tag-st-jean-baptiste"],"_links":{"self":[{"href":"https:\/\/www.associationdemarie.org\/blog\/wp-json\/wp\/v2\/posts\/15259","targetHints":{"allow":["GET"]}}],"collection":[{"href":"https:\/\/www.associationdemarie.org\/blog\/wp-json\/wp\/v2\/posts"}],"about":[{"href":"https:\/\/www.associationdemarie.org\/blog\/wp-json\/wp\/v2\/types\/post"}],"author":[{"embeddable":true,"href":"https:\/\/www.associationdemarie.org\/blog\/wp-json\/wp\/v2\/users\/2"}],"replies":[{"embeddable":true,"href":"https:\/\/www.associationdemarie.org\/blog\/wp-json\/wp\/v2\/comments?post=15259"}],"version-history":[{"count":1,"href":"https:\/\/www.associationdemarie.org\/blog\/wp-json\/wp\/v2\/posts\/15259\/revisions"}],"predecessor-version":[{"id":15261,"href":"https:\/\/www.associationdemarie.org\/blog\/wp-json\/wp\/v2\/posts\/15259\/revisions\/15261"}],"wp:attachment":[{"href":"https:\/\/www.associationdemarie.org\/blog\/wp-json\/wp\/v2\/media?parent=15259"}],"wp:term":[{"taxonomy":"category","embeddable":true,"href":"https:\/\/www.associationdemarie.org\/blog\/wp-json\/wp\/v2\/categories?post=15259"},{"taxonomy":"post_tag","embeddable":true,"href":"https:\/\/www.associationdemarie.org\/blog\/wp-json\/wp\/v2\/tags?post=15259"}],"curies":[{"name":"wp","href":"https:\/\/api.w.org\/{rel}","templated":true}]}}