{"id":15217,"date":"2017-08-21T01:07:58","date_gmt":"2017-08-21T00:07:58","guid":{"rendered":"http:\/\/www.associationdemarie.org\/blog\/?p=15217"},"modified":"2017-08-02T07:09:18","modified_gmt":"2017-08-02T06:09:18","slug":"la-seule-chose-necessaire","status":"publish","type":"post","link":"https:\/\/www.associationdemarie.org\/blog\/la-seule-chose-necessaire\/","title":{"rendered":"La seule chose n\u00e9cessaire"},"content":{"rendered":"<p><a href=\"https:\/\/www.associationdemarie.org\/blog\/wp-content\/uploads\/2017\/08\/66122752.jpg\"><img loading=\"lazy\" decoding=\"async\" class=\"aligncenter  wp-image-15218\" src=\"https:\/\/www.associationdemarie.org\/blog\/wp-content\/uploads\/2017\/08\/66122752.jpg\" alt=\"66122752\" width=\"416\" height=\"584\" srcset=\"https:\/\/www.associationdemarie.org\/blog\/wp-content\/uploads\/2017\/08\/66122752.jpg 556w, https:\/\/www.associationdemarie.org\/blog\/wp-content\/uploads\/2017\/08\/66122752-214x300.jpg 214w\" sizes=\"auto, (max-width: 416px) 100vw, 416px\" \/><\/a><\/p>\n<p>Je rends gr\u00e2ce \u00e0 l&rsquo;Auteur de la gr\u00e2ce, \u00e0 Celui de qui proviennent tout bien et toute perfection, de ce qu&rsquo;il t&rsquo;a orn\u00e9e de tant de vertus et par\u00e9e de tant de perfection, que tu es devenue imitatrice attentive et parfaite du P\u00e8re qui est parfait, au point m\u00eame que ses yeux ne peuvent discerner en toi rien d&rsquo;imparfait. La voil\u00e0, cette perfection qui, dans les palais des cieux, scellera ton union avec le Roi lui-m\u00eame qui si\u00e8ge dans la gloire sur un tr\u00f4ne \u00e9toil\u00e9\u00a0: cette perfection a consist\u00e9 pour toi \u00e0 m\u00e9priser les grandeurs d&rsquo;un royaume terrestre\u00a0; \u00e0 juger indignes, en comparaison, les propositions d&rsquo;un mariage avec l&#8217;empereur\u00a0; \u00e0 pratiquer la tr\u00e8s sainte pauvret\u00e9 et, avec tout l&rsquo;\u00e9lan de ton amour et de ton humilit\u00e9, \u00e0 suivre les traces de Celui aux noces duquel tu as m\u00e9rit\u00e9 d&rsquo;\u00eatre convi\u00e9e.<\/p>\n<p>Je te sais par\u00e9e de vertus, mais je ne veux pas t&rsquo;importuner en t&rsquo;accablant de louanges superflues, bien que, pour toi, rien ne soit superflu si tu peux en retirer quelque consolation. Or donc, puisqu&rsquo;une seule chose est n\u00e9cessaire (Cf. Lc 10,42), je m&rsquo;y bornerai et je t&rsquo;y exhorterai pour l&rsquo;amour de Celui \u00e0 qui tu t&rsquo;es offerte comme une hostie sainte et agr\u00e9able\u00a0: souviens-toi de ta vocation et, comme une seconde Rachel, remets-toi toujours en m\u00e9moire les principes de base qui te font agir\u00a0: ce que tu as acquis, conserve-le soigneusement\u00a0; ce que tu fais, fais-le bien\u00a0; ne recule jamais\u00a0; h\u00e2te-toi au contraire et cours d&rsquo;un pas l\u00e9ger, sans achopper aux pierres du chemin, sans m\u00eame soulever la poussi\u00e8re qui souillerait tes pieds\u00a0; va confiante, all\u00e8gre et joyeuse. Avance avec pr\u00e9caution cependant sur le chemin du bonheur\u00a0: ne te fie pas et ne te livre pas \u00e0 quiconque voudrait te d\u00e9tourner de ta vocation, entraver ta course, et t&#8217;emp\u00eacher d&rsquo;\u00eatre fid\u00e8le au Tr\u00e8s-Haut dans l&rsquo;\u00e9tat de perfection o\u00f9 l&rsquo;Esprit du Seigneur t&rsquo;a appel\u00e9e.<\/p>\n<p>Sainte Claire (1193-1252), moniale franciscaine<br \/>\n<i>2e Lettre \u00e0 Agn\u00e8s de Prague, 3-14 (Sainte Claire d\u2019Assise, trad. P\u00e8re Vorreux, O.F.M. \u00c9d. Franciscaines)<\/i><\/p>\n<p>&nbsp;<\/p>\n<p>&nbsp;<\/p>\n<p>&nbsp;<\/p>\n","protected":false},"excerpt":{"rendered":"<p>Je rends gr\u00e2ce \u00e0 l&rsquo;Auteur de la gr\u00e2ce, \u00e0 Celui de qui proviennent tout bien et toute perfection, de ce qu&rsquo;il t&rsquo;a orn\u00e9e de tant de vertus et par\u00e9e de tant de perfection, que tu es devenue imitatrice attentive et parfaite du P\u00e8re qui est parfait, au point m\u00eame que ses yeux ne peuvent discerner [&hellip;]<\/p>\n","protected":false},"author":2,"featured_media":0,"comment_status":"closed","ping_status":"closed","sticky":false,"template":"","format":"standard","meta":{"footnotes":""},"categories":[3,13,1261],"tags":[1090],"class_list":["post-15217","post","type-post","status-publish","format-standard","hentry","category-liturgique","category-ecritures","category-enseignement-2","tag-ste-claire"],"_links":{"self":[{"href":"https:\/\/www.associationdemarie.org\/blog\/wp-json\/wp\/v2\/posts\/15217","targetHints":{"allow":["GET"]}}],"collection":[{"href":"https:\/\/www.associationdemarie.org\/blog\/wp-json\/wp\/v2\/posts"}],"about":[{"href":"https:\/\/www.associationdemarie.org\/blog\/wp-json\/wp\/v2\/types\/post"}],"author":[{"embeddable":true,"href":"https:\/\/www.associationdemarie.org\/blog\/wp-json\/wp\/v2\/users\/2"}],"replies":[{"embeddable":true,"href":"https:\/\/www.associationdemarie.org\/blog\/wp-json\/wp\/v2\/comments?post=15217"}],"version-history":[{"count":2,"href":"https:\/\/www.associationdemarie.org\/blog\/wp-json\/wp\/v2\/posts\/15217\/revisions"}],"predecessor-version":[{"id":15220,"href":"https:\/\/www.associationdemarie.org\/blog\/wp-json\/wp\/v2\/posts\/15217\/revisions\/15220"}],"wp:attachment":[{"href":"https:\/\/www.associationdemarie.org\/blog\/wp-json\/wp\/v2\/media?parent=15217"}],"wp:term":[{"taxonomy":"category","embeddable":true,"href":"https:\/\/www.associationdemarie.org\/blog\/wp-json\/wp\/v2\/categories?post=15217"},{"taxonomy":"post_tag","embeddable":true,"href":"https:\/\/www.associationdemarie.org\/blog\/wp-json\/wp\/v2\/tags?post=15217"}],"curies":[{"name":"wp","href":"https:\/\/api.w.org\/{rel}","templated":true}]}}