{"id":15183,"date":"2017-08-13T01:10:49","date_gmt":"2017-08-13T00:10:49","guid":{"rendered":"http:\/\/www.associationdemarie.org\/blog\/?p=15183"},"modified":"2017-07-27T06:12:36","modified_gmt":"2017-07-27T05:12:36","slug":"vraiment-tu-es-le-fils-de-dieu","status":"publish","type":"post","link":"https:\/\/www.associationdemarie.org\/blog\/vraiment-tu-es-le-fils-de-dieu\/","title":{"rendered":"\u00ab Vraiment, tu es le Fils de Dieu. \u00bb"},"content":{"rendered":"<p><a href=\"https:\/\/www.associationdemarie.org\/blog\/wp-content\/uploads\/2017\/07\/198276.p.jpg\"><img loading=\"lazy\" decoding=\"async\" class=\"aligncenter  wp-image-15184\" src=\"https:\/\/www.associationdemarie.org\/blog\/wp-content\/uploads\/2017\/07\/198276.p.jpg\" alt=\"198276.p\" width=\"448\" height=\"316\" srcset=\"https:\/\/www.associationdemarie.org\/blog\/wp-content\/uploads\/2017\/07\/198276.p.jpg 550w, https:\/\/www.associationdemarie.org\/blog\/wp-content\/uploads\/2017\/07\/198276.p-300x212.jpg 300w\" sizes=\"auto, (max-width: 448px) 100vw, 448px\" \/><\/a><\/p>\n<p>Lorsque nous aurons tenu bon durant les longues heures de la nuit obscure qui r\u00e8gne dans les moments d&rsquo;\u00e9preuve, quand nous aurons lutt\u00e9 de notre mieux&#8230;, soyons s\u00fbrs que vers la fin de la nuit, \u00ab\u00a0lorsque la nuit sera avanc\u00e9e et que poindra le jour\u00a0\u00bb (Rm 13,12), le Fils de Dieu viendra pr\u00e8s de nous, en marchant sur les flots. Lorsque nous le verrons appara\u00eetre ainsi, nous serons saisis de trouble jusqu&rsquo;au moment o\u00f9 nous comprendrons clairement que c&rsquo;est le Sauveur qui est venu parmi nous. Croyant encore voir un fant\u00f4me, nous crierons de frayeur, mais lui nous dira aussit\u00f4t\u00a0: \u00ab\u00a0Ayez confiance, c&rsquo;est moi, n&rsquo;ayez pas peur\u00a0\u00bb.<\/p>\n<p>Peut-\u00eatre que ces mots rassurants feront surgir en nous un Pierre en route vers la perfection, qui descendra de la barque, certain d&rsquo;avoir \u00e9chapp\u00e9 \u00e0 l&rsquo;\u00e9preuve qui le secouait. Tout d&rsquo;abord, son d\u00e9sir d&rsquo;aller au-devant de J\u00e9sus le fera marcher sur les eaux. Mais sa foi \u00e9tant encore peu assur\u00e9e et lui-m\u00eame dans le doute, il remarquera la \u00ab\u00a0force du vent\u00a0\u00bb, il prendra peur et commencera \u00e0 couler. Pourtant il \u00e9chappera \u00e0 ce malheur car il lancera vers J\u00e9sus ce grand cri\u00a0: \u00ab\u00a0Seigneur, sauve-moi\u00a0!\u00a0\u00bb Et \u00e0 peine cet autre Pierre aura-t-il fini de dire \u00ab\u00a0Seigneur sauve-moi\u00a0!\u00a0\u00bb que le Verbe \u00e9tendra la main pour lui porter secours, et le saisira au moment o\u00f9 il commencera \u00e0 couler, lui reprochant son peu de foi et ses doutes. Note cependant qu&rsquo;il n&rsquo;a pas dit\u00a0: \u00ab\u00a0Incr\u00e9dule\u00a0\u00bb mais \u00ab\u00a0homme de peu de foi\u00a0\u00bb, et qu&rsquo;il est \u00e9crit\u00a0: \u00ab\u00a0Pourquoi as-tu dout\u00e9\u00a0?\u00a0\u00bb, c&rsquo;est-\u00e0-dire\u00a0: \u00ab\u00a0Tu avais bien un peu de foi, mais tu t&rsquo;es laiss\u00e9 entra\u00eener dans le sens contraire\u00a0\u00bb. Et l\u00e0-dessus, J\u00e9sus et Pierre remonteront dans la barque, le vent se calmera et les passagers, comprenant \u00e0 quels dangers ils ont \u00e9chapp\u00e9, adoreront J\u00e9sus en disant\u00a0: \u00ab\u00a0Vraiment, tu es le Fils de Dieu\u00a0\u00bb. Ces paroles-l\u00e0, ce ne sont que les disciples proches de J\u00e9sus dans la barque qui les disent.<\/p>\n<p>Orig\u00e8ne (v. 185-253), pr\u00eatre et th\u00e9ologien<br \/>\n<i>Commentaire sur l&rsquo;\u00e9vangile de Matthieu 11, 6 ; PG 13, 919 (trad. Orval rev.; cf SC 162, p. 299)<\/i><\/p>\n<p>&nbsp;<\/p>\n<p>&nbsp;<\/p>\n<p>&nbsp;<\/p>\n","protected":false},"excerpt":{"rendered":"<p>Lorsque nous aurons tenu bon durant les longues heures de la nuit obscure qui r\u00e8gne dans les moments d&rsquo;\u00e9preuve, quand nous aurons lutt\u00e9 de notre mieux&#8230;, soyons s\u00fbrs que vers la fin de la nuit, \u00ab\u00a0lorsque la nuit sera avanc\u00e9e et que poindra le jour\u00a0\u00bb (Rm 13,12), le Fils de Dieu viendra pr\u00e8s de nous, [&hellip;]<\/p>\n","protected":false},"author":2,"featured_media":0,"comment_status":"closed","ping_status":"closed","sticky":false,"template":"","format":"standard","meta":{"footnotes":""},"categories":[3,13,1261],"tags":[305,535,1071],"class_list":["post-15183","post","type-post","status-publish","format-standard","hentry","category-liturgique","category-ecritures","category-enseignement-2","tag-disciples","tag-jesus","tag-st-pierre"],"_links":{"self":[{"href":"https:\/\/www.associationdemarie.org\/blog\/wp-json\/wp\/v2\/posts\/15183","targetHints":{"allow":["GET"]}}],"collection":[{"href":"https:\/\/www.associationdemarie.org\/blog\/wp-json\/wp\/v2\/posts"}],"about":[{"href":"https:\/\/www.associationdemarie.org\/blog\/wp-json\/wp\/v2\/types\/post"}],"author":[{"embeddable":true,"href":"https:\/\/www.associationdemarie.org\/blog\/wp-json\/wp\/v2\/users\/2"}],"replies":[{"embeddable":true,"href":"https:\/\/www.associationdemarie.org\/blog\/wp-json\/wp\/v2\/comments?post=15183"}],"version-history":[{"count":2,"href":"https:\/\/www.associationdemarie.org\/blog\/wp-json\/wp\/v2\/posts\/15183\/revisions"}],"predecessor-version":[{"id":15186,"href":"https:\/\/www.associationdemarie.org\/blog\/wp-json\/wp\/v2\/posts\/15183\/revisions\/15186"}],"wp:attachment":[{"href":"https:\/\/www.associationdemarie.org\/blog\/wp-json\/wp\/v2\/media?parent=15183"}],"wp:term":[{"taxonomy":"category","embeddable":true,"href":"https:\/\/www.associationdemarie.org\/blog\/wp-json\/wp\/v2\/categories?post=15183"},{"taxonomy":"post_tag","embeddable":true,"href":"https:\/\/www.associationdemarie.org\/blog\/wp-json\/wp\/v2\/tags?post=15183"}],"curies":[{"name":"wp","href":"https:\/\/api.w.org\/{rel}","templated":true}]}}