{"id":1516,"date":"2010-09-26T02:12:58","date_gmt":"2010-09-26T02:12:58","guid":{"rendered":"http:\/\/preprod.meltem-int.com\/marie\/blog\/?p=1516"},"modified":"2010-09-26T02:12:58","modified_gmt":"2010-09-26T02:12:58","slug":"signe-des-temps","status":"publish","type":"post","link":"https:\/\/www.associationdemarie.org\/blog\/signe-des-temps\/","title":{"rendered":"Signe des temps"},"content":{"rendered":"<p><a href=\"https:\/\/www.associationdemarie.org\/blog\/wp-content\/uploads\/2010\/09\/dieu.jpg\"><img loading=\"lazy\" decoding=\"async\" class=\"aligncenter size-medium wp-image-1517\" title=\"dieu\" src=\"https:\/\/www.associationdemarie.org\/blog\/wp-content\/uploads\/2010\/09\/dieu-300x245.jpg\" alt=\"\" width=\"300\" height=\"245\" srcset=\"https:\/\/www.associationdemarie.org\/blog\/wp-content\/uploads\/2010\/09\/dieu-300x245.jpg 300w, https:\/\/www.associationdemarie.org\/blog\/wp-content\/uploads\/2010\/09\/dieu.jpg 360w\" sizes=\"auto, (max-width: 300px) 100vw, 300px\" \/><\/a><\/p>\n<p>C\u2019est un temps de pri\u00e8res et de sacrifices pour unir les hommes, c\u2019est un temps d\u2019\u00e9vang\u00e9lisation pour les peuples. L\u2019homme se d\u00e9tourne de l\u2019Eglise car il confond richesse de c\u0153ur et richesse mat\u00e9rielle. Les \u00e9cus terrestres n\u2019ont aucune valeur dans le monde Divin.<\/p>\n<p>Marie M\u00e8re des hommes &#8211; septembre 2010<\/p>\n","protected":false},"excerpt":{"rendered":"<p>C\u2019est un temps de pri\u00e8res et de sacrifices pour unir les hommes, c\u2019est un temps d\u2019\u00e9vang\u00e9lisation pour les peuples. L\u2019homme se d\u00e9tourne de l\u2019Eglise car il confond richesse de c\u0153ur et richesse mat\u00e9rielle. Les \u00e9cus terrestres n\u2019ont aucune valeur dans le monde Divin. Marie M\u00e8re des hommes &#8211; septembre 2010<\/p>\n","protected":false},"author":2,"featured_media":0,"comment_status":"closed","ping_status":"closed","sticky":false,"template":"","format":"standard","meta":{"footnotes":""},"categories":[19],"tags":[332,336,387,640,1388,918],"class_list":["post-1516","post","type-post","status-publish","format-standard","hentry","category-messages","tag-ecus","tag-eglise","tag-evangelisation","tag-marie-mere-des-hommes","tag-prieres","tag-sacrifices"],"_links":{"self":[{"href":"https:\/\/www.associationdemarie.org\/blog\/wp-json\/wp\/v2\/posts\/1516","targetHints":{"allow":["GET"]}}],"collection":[{"href":"https:\/\/www.associationdemarie.org\/blog\/wp-json\/wp\/v2\/posts"}],"about":[{"href":"https:\/\/www.associationdemarie.org\/blog\/wp-json\/wp\/v2\/types\/post"}],"author":[{"embeddable":true,"href":"https:\/\/www.associationdemarie.org\/blog\/wp-json\/wp\/v2\/users\/2"}],"replies":[{"embeddable":true,"href":"https:\/\/www.associationdemarie.org\/blog\/wp-json\/wp\/v2\/comments?post=1516"}],"version-history":[{"count":0,"href":"https:\/\/www.associationdemarie.org\/blog\/wp-json\/wp\/v2\/posts\/1516\/revisions"}],"wp:attachment":[{"href":"https:\/\/www.associationdemarie.org\/blog\/wp-json\/wp\/v2\/media?parent=1516"}],"wp:term":[{"taxonomy":"category","embeddable":true,"href":"https:\/\/www.associationdemarie.org\/blog\/wp-json\/wp\/v2\/categories?post=1516"},{"taxonomy":"post_tag","embeddable":true,"href":"https:\/\/www.associationdemarie.org\/blog\/wp-json\/wp\/v2\/tags?post=1516"}],"curies":[{"name":"wp","href":"https:\/\/api.w.org\/{rel}","templated":true}]}}