{"id":15142,"date":"2017-08-03T01:27:54","date_gmt":"2017-08-03T00:27:54","guid":{"rendered":"http:\/\/www.associationdemarie.org\/blog\/?p=15142"},"modified":"2017-07-18T06:30:03","modified_gmt":"2017-07-18T05:30:03","slug":"le-royaume-des-cieux-est-comparable-a-un-filet-quon-jette-dans-la-mer","status":"publish","type":"post","link":"https:\/\/www.associationdemarie.org\/blog\/le-royaume-des-cieux-est-comparable-a-un-filet-quon-jette-dans-la-mer\/","title":{"rendered":"\u00ab Le Royaume des cieux est comparable \u00e0 un filet qu&rsquo;on jette dans la mer. \u00bb"},"content":{"rendered":"<p><a href=\"https:\/\/www.associationdemarie.org\/blog\/wp-content\/uploads\/2017\/07\/ob_1f5afe_7905727-12281324.jpg\"><img loading=\"lazy\" decoding=\"async\" class=\"aligncenter size-full wp-image-15143\" src=\"https:\/\/www.associationdemarie.org\/blog\/wp-content\/uploads\/2017\/07\/ob_1f5afe_7905727-12281324.jpg\" alt=\"ob_1f5afe_7905727-12281324\" width=\"477\" height=\"318\" srcset=\"https:\/\/www.associationdemarie.org\/blog\/wp-content\/uploads\/2017\/07\/ob_1f5afe_7905727-12281324.jpg 477w, https:\/\/www.associationdemarie.org\/blog\/wp-content\/uploads\/2017\/07\/ob_1f5afe_7905727-12281324-300x200.jpg 300w\" sizes=\"auto, (max-width: 477px) 100vw, 477px\" \/><\/a><\/p>\n<p><span style=\"color: #ffffff;\">.<\/span><\/p>\n<p>Certes, nous savons bien qu&rsquo;il ne sert de rien \u00e0 l&rsquo;homme de gagner l&rsquo;univers s&rsquo;il vient \u00e0 se perdre lui-m\u00eame (Lc 9,25), mais l&rsquo;attente de la nouvelle terre, loin d&rsquo;affaiblir en nous le souci de cultiver cette terre, doit plut\u00f4t le r\u00e9veiller : le corps de la nouvelle famille humaine y grandit, et il offre d\u00e9j\u00e0 une \u00e9bauche du monde \u00e0 venir. C&rsquo;est pourquoi, s&rsquo;il faut soigneusement distinguer le progr\u00e8s terrestre de la croissance du R\u00e8gne du Christ, ce progr\u00e8s a cependant beaucoup d&rsquo;importance pour le Royaume de Dieu, dans la mesure o\u00f9 il peut contribuer \u00e0 une meilleure organisation de la soci\u00e9t\u00e9 humaine.<\/p>\n<p>Car les valeurs de dignit\u00e9, de communion fraternelle et de libert\u00e9, tous les fruits excellents de notre nature et de notre activit\u00e9 que nous aurons propag\u00e9s sur terre selon le commandement du Seigneur et dans son Esprit, nous les retrouverons plus tard, mais purifi\u00e9s de toute souillure, illumin\u00e9s, transfigur\u00e9s, lorsque le Christ remettra \u00e0 son P\u00e8re \u00ab un Royaume \u00e9ternel et universel : royaume de v\u00e9rit\u00e9 et de vie, royaume de saintet\u00e9 et de gr\u00e2ce, royaume de justice, d&rsquo;amour et de paix \u00bb (Missel romain). Myst\u00e9rieusement, le Royaume est d\u00e9j\u00e0 pr\u00e9sent sur cette terre ; il atteindra sa perfection \u00e0 l&rsquo;av\u00e8nement du Seigneur.<\/p>\n<p>Concile Vatican II<br \/>\n<i>Constitution sur l&rsquo;\u00c9glise dans le monde de ce temps \u00ab Gaudium et spes \u00bb, \u00a7 39, 2-3<\/i><\/p>\n<p>&nbsp;<\/p>\n<p>&nbsp;<\/p>\n<p>&nbsp;<\/p>\n<p>&nbsp;<\/p>\n","protected":false},"excerpt":{"rendered":"<p>. Certes, nous savons bien qu&rsquo;il ne sert de rien \u00e0 l&rsquo;homme de gagner l&rsquo;univers s&rsquo;il vient \u00e0 se perdre lui-m\u00eame (Lc 9,25), mais l&rsquo;attente de la nouvelle terre, loin d&rsquo;affaiblir en nous le souci de cultiver cette terre, doit plut\u00f4t le r\u00e9veiller : le corps de la nouvelle famille humaine y grandit, et il [&hellip;]<\/p>\n","protected":false},"author":2,"featured_media":0,"comment_status":"closed","ping_status":"closed","sticky":false,"template":"","format":"standard","meta":{"footnotes":""},"categories":[3,1261],"tags":[412,1367,907,1174],"class_list":["post-15142","post","type-post","status-publish","format-standard","hentry","category-liturgique","category-enseignement-2","tag-filet","tag-pecheurs","tag-royaume-des-cieux","tag-vatican-2"],"_links":{"self":[{"href":"https:\/\/www.associationdemarie.org\/blog\/wp-json\/wp\/v2\/posts\/15142","targetHints":{"allow":["GET"]}}],"collection":[{"href":"https:\/\/www.associationdemarie.org\/blog\/wp-json\/wp\/v2\/posts"}],"about":[{"href":"https:\/\/www.associationdemarie.org\/blog\/wp-json\/wp\/v2\/types\/post"}],"author":[{"embeddable":true,"href":"https:\/\/www.associationdemarie.org\/blog\/wp-json\/wp\/v2\/users\/2"}],"replies":[{"embeddable":true,"href":"https:\/\/www.associationdemarie.org\/blog\/wp-json\/wp\/v2\/comments?post=15142"}],"version-history":[{"count":1,"href":"https:\/\/www.associationdemarie.org\/blog\/wp-json\/wp\/v2\/posts\/15142\/revisions"}],"predecessor-version":[{"id":15144,"href":"https:\/\/www.associationdemarie.org\/blog\/wp-json\/wp\/v2\/posts\/15142\/revisions\/15144"}],"wp:attachment":[{"href":"https:\/\/www.associationdemarie.org\/blog\/wp-json\/wp\/v2\/media?parent=15142"}],"wp:term":[{"taxonomy":"category","embeddable":true,"href":"https:\/\/www.associationdemarie.org\/blog\/wp-json\/wp\/v2\/categories?post=15142"},{"taxonomy":"post_tag","embeddable":true,"href":"https:\/\/www.associationdemarie.org\/blog\/wp-json\/wp\/v2\/tags?post=15142"}],"curies":[{"name":"wp","href":"https:\/\/api.w.org\/{rel}","templated":true}]}}