{"id":15125,"date":"2017-07-30T01:40:34","date_gmt":"2017-07-30T00:40:34","guid":{"rendered":"http:\/\/www.associationdemarie.org\/blog\/?p=15125"},"modified":"2017-07-14T08:42:17","modified_gmt":"2017-07-14T07:42:17","slug":"le-royaume-des-cieux-est-comparable-a-un-tresor","status":"publish","type":"post","link":"https:\/\/www.associationdemarie.org\/blog\/le-royaume-des-cieux-est-comparable-a-un-tresor\/","title":{"rendered":"\u00ab Le Royaume des cieux est comparable \u00e0 un tr\u00e9sor. \u00bb"},"content":{"rendered":"<p><a href=\"https:\/\/www.associationdemarie.org\/blog\/wp-content\/uploads\/2017\/07\/24498.jpeg\"><img loading=\"lazy\" decoding=\"async\" class=\" wp-image-15126 aligncenter\" src=\"https:\/\/www.associationdemarie.org\/blog\/wp-content\/uploads\/2017\/07\/24498.jpeg\" alt=\"24498\" width=\"453\" height=\"271\" srcset=\"https:\/\/www.associationdemarie.org\/blog\/wp-content\/uploads\/2017\/07\/24498.jpeg 680w, https:\/\/www.associationdemarie.org\/blog\/wp-content\/uploads\/2017\/07\/24498-300x180.jpeg 300w\" sizes=\"auto, (max-width: 453px) 100vw, 453px\" \/><\/a><\/p>\n<p>Il est logique que la fin de tous nos d\u00e9sirs, c&rsquo;est-\u00e0-dire la vie \u00e9ternelle, soit indiqu\u00e9e \u00e0 la fin de tout ce qui nous est donn\u00e9 \u00e0 croire dans le Credo avec ces paroles\u00a0: \u00ab\u00a0La vie \u00e9ternelle. Amen\u00a0\u00bb&#8230; Dans la vie \u00e9ternelle, il y a l&rsquo;union de l&rsquo;homme avec Dieu&#8230;, la louange parfaite&#8230;, et le rassasiement parfait de nos d\u00e9sirs, car chaque bienheureux y poss\u00e9dera encore plus qu&rsquo;il ne d\u00e9sirait et n&rsquo;esp\u00e9rait. En cette vie personne ne peut combler son d\u00e9sir\u00a0; jamais rien de cr\u00e9\u00e9 ne pourra rassasier le d\u00e9sir de l&rsquo;homme. Dieu seul rassasie, et \u00e0 l&rsquo;infini. C&rsquo;est pourquoi nous ne nous reposons qu&rsquo;en Dieu, comme le dit saint Augustin\u00a0: \u00ab\u00a0Tu nous as faits pour toi, Seigneur, et notre c\u0153ur est sans repos jusqu&rsquo;\u00e0 ce qu&rsquo;il se repose en toi\u00a0\u00bb.<\/p>\n<p>Puisque dans la patrie les saints poss\u00e9deront Dieu parfaitement, il est \u00e9vident que non seulement leur d\u00e9sir sera rassasi\u00e9 mais qu&rsquo;en outre il d\u00e9bordera de gloire. C&rsquo;est pourquoi le Seigneur dit\u00a0: \u00ab\u00a0Entre dans la joie de ton Seigneur\u00a0\u00bb (Mt 25,21). Et saint Augustin dit \u00e0 ce propos\u00a0: \u00ab\u00a0Ce n&rsquo;est pas toute la joie qui entrera en ceux qui se r\u00e9jouissent, mais ceux qui se r\u00e9jouissent entreront tout entiers dans la joie.\u00a0\u00bb On dit dans un psaume\u00a0: \u00ab\u00a0Je serai rassasi\u00e9 lorsque se manifestera ta gloire\u00a0\u00bb (62,3), et dans un autre\u00a0: \u00ab\u00a0Il comble de biens ton d\u00e9sir\u00a0\u00bb (Ps 37,4)&#8230; Car si l&rsquo;on d\u00e9sire les d\u00e9lices, c&rsquo;est l\u00e0 que se trouvera la d\u00e9lectation supr\u00eame et parfaite, parce qu&rsquo;elle consistera dans le souverain bien qui est Dieu lui-m\u00eame\u00a0: \u00ab\u00a0\u00c0 ta droite, d\u00e9lices \u00e9ternelles\u00a0\u00bb (Ps 15,11).<\/p>\n<p>Saint Thomas d&rsquo;Aquin (1225-1274), th\u00e9ologien dominicain, docteur de l&rsquo;\u00c9glise<br \/>\n<i>Hom\u00e9lie sur le Credo (trad. br\u00e9viaire 33e samedi ; rev.)<\/i><\/p>\n<p>&nbsp;<\/p>\n<p>&nbsp;<\/p>\n<p>&nbsp;<\/p>\n","protected":false},"excerpt":{"rendered":"<p>Il est logique que la fin de tous nos d\u00e9sirs, c&rsquo;est-\u00e0-dire la vie \u00e9ternelle, soit indiqu\u00e9e \u00e0 la fin de tout ce qui nous est donn\u00e9 \u00e0 croire dans le Credo avec ces paroles\u00a0: \u00ab\u00a0La vie \u00e9ternelle. Amen\u00a0\u00bb&#8230; Dans la vie \u00e9ternelle, il y a l&rsquo;union de l&rsquo;homme avec Dieu&#8230;, la louange parfaite&#8230;, et le [&hellip;]<\/p>\n","protected":false},"author":2,"featured_media":0,"comment_status":"closed","ping_status":"closed","sticky":false,"template":"","format":"standard","meta":{"footnotes":""},"categories":[3,13,1261,16],"tags":[1382,907,1082,1155],"class_list":["post-15125","post","type-post","status-publish","format-standard","hentry","category-liturgique","category-ecritures","category-enseignement-2","category-jardins-de-la-bible","tag-ecritures","tag-royaume-des-cieux","tag-st-thomas-daquin","tag-tresor"],"_links":{"self":[{"href":"https:\/\/www.associationdemarie.org\/blog\/wp-json\/wp\/v2\/posts\/15125","targetHints":{"allow":["GET"]}}],"collection":[{"href":"https:\/\/www.associationdemarie.org\/blog\/wp-json\/wp\/v2\/posts"}],"about":[{"href":"https:\/\/www.associationdemarie.org\/blog\/wp-json\/wp\/v2\/types\/post"}],"author":[{"embeddable":true,"href":"https:\/\/www.associationdemarie.org\/blog\/wp-json\/wp\/v2\/users\/2"}],"replies":[{"embeddable":true,"href":"https:\/\/www.associationdemarie.org\/blog\/wp-json\/wp\/v2\/comments?post=15125"}],"version-history":[{"count":2,"href":"https:\/\/www.associationdemarie.org\/blog\/wp-json\/wp\/v2\/posts\/15125\/revisions"}],"predecessor-version":[{"id":15128,"href":"https:\/\/www.associationdemarie.org\/blog\/wp-json\/wp\/v2\/posts\/15125\/revisions\/15128"}],"wp:attachment":[{"href":"https:\/\/www.associationdemarie.org\/blog\/wp-json\/wp\/v2\/media?parent=15125"}],"wp:term":[{"taxonomy":"category","embeddable":true,"href":"https:\/\/www.associationdemarie.org\/blog\/wp-json\/wp\/v2\/categories?post=15125"},{"taxonomy":"post_tag","embeddable":true,"href":"https:\/\/www.associationdemarie.org\/blog\/wp-json\/wp\/v2\/tags?post=15125"}],"curies":[{"name":"wp","href":"https:\/\/api.w.org\/{rel}","templated":true}]}}