{"id":15116,"date":"2017-07-28T01:26:30","date_gmt":"2017-07-28T00:26:30","guid":{"rendered":"http:\/\/www.associationdemarie.org\/blog\/?p=15116"},"modified":"2017-07-12T14:34:12","modified_gmt":"2017-07-12T13:34:12","slug":"recevoir-la-parole-dans-la-bonne-terre","status":"publish","type":"post","link":"https:\/\/www.associationdemarie.org\/blog\/recevoir-la-parole-dans-la-bonne-terre\/","title":{"rendered":"Recevoir la Parole dans la bonne terre"},"content":{"rendered":"<p><a href=\"https:\/\/www.associationdemarie.org\/blog\/wp-content\/uploads\/2017\/07\/StMatthieu.png\"><img loading=\"lazy\" decoding=\"async\" class=\"aligncenter  wp-image-15117\" src=\"https:\/\/www.associationdemarie.org\/blog\/wp-content\/uploads\/2017\/07\/StMatthieu.png\" alt=\"StMatthieu\" width=\"456\" height=\"543\" srcset=\"https:\/\/www.associationdemarie.org\/blog\/wp-content\/uploads\/2017\/07\/StMatthieu.png 786w, https:\/\/www.associationdemarie.org\/blog\/wp-content\/uploads\/2017\/07\/StMatthieu-252x300.png 252w\" sizes=\"auto, (max-width: 456px) 100vw, 456px\" \/><\/a><\/p>\n<p>Que le Christ vous aide, fr\u00e8res tr\u00e8s chers, \u00e0 toujours accueillir la lecture de la parole de Dieu avec un c\u0153ur avide et assoiff\u00e9\u00a0; ainsi votre ob\u00e9issance tr\u00e8s fid\u00e8le vous remplira de joie spirituelle. Mais si vous voulez que les saintes \u00c9critures aient pour vous de la douceur et que les pr\u00e9ceptes divins vous profitent autant qu&rsquo;il le faut, soustrayez-vous pendant quelques heures \u00e0 vos pr\u00e9occupations mat\u00e9rielles. Relisez dans vos maisons les paroles de Dieu, consacrez-vous enti\u00e8rement \u00e0 sa mis\u00e9ricorde. Ainsi vous r\u00e9ussirez \u00e0 r\u00e9aliser en vous ce qui est \u00e9crit de l&rsquo;homme bienheureux\u00a0: \u00ab\u00a0Il m\u00e9ditera jour et nuit la loi du Seigneur\u00a0\u00bb (Ps 1,2) et aussi\u00a0: \u00ab\u00a0Heureux ceux qui scrutent ses commandements, ceux qui le cherchent de tout leur c\u0153ur\u00a0\u00bb (Ps 118,2).<\/p>\n<p>Les commer\u00e7ants ne cherchent pas \u00e0 faire des b\u00e9n\u00e9fices sur une seule marchandise mais sur plusieurs. Les cultivateurs cherchent un meilleur rendement en semant diff\u00e9rentes sortes de semences. Vous qui cherchez des b\u00e9n\u00e9fices spirituels, ne vous contentez pas seulement d&rsquo;entendre les textes sacr\u00e9s \u00e0 l&rsquo;\u00e9glise. Lisez les textes sacr\u00e9s \u00e0 la maison\u00a0; quand les jours sont courts, profitez des longues soir\u00e9es. Et ainsi vous pourrez amasser un froment spirituel dans le grenier de votre c\u0153ur et ranger dans le tr\u00e9sor de vos \u00e2mes les perles pr\u00e9cieuses des \u00c9critures.<\/p>\n<p>Saint C\u00e9saire d&rsquo;Arles (470-543), moine et \u00e9v\u00eaque<br \/>\n<i>Sermons au peuple, n\u00b0 7, 1 (trad. cf SC 175, p.338s)<\/i><\/p>\n<p>&nbsp;<\/p>\n<p>&nbsp;<\/p>\n<p>&nbsp;<\/p>\n","protected":false},"excerpt":{"rendered":"<p>Que le Christ vous aide, fr\u00e8res tr\u00e8s chers, \u00e0 toujours accueillir la lecture de la parole de Dieu avec un c\u0153ur avide et assoiff\u00e9\u00a0; ainsi votre ob\u00e9issance tr\u00e8s fid\u00e8le vous remplira de joie spirituelle. Mais si vous voulez que les saintes \u00c9critures aient pour vous de la douceur et que les pr\u00e9ceptes divins vous profitent [&hellip;]<\/p>\n","protected":false},"author":2,"featured_media":0,"comment_status":"closed","ping_status":"closed","sticky":false,"template":"","format":"standard","meta":{"footnotes":""},"categories":[3,13,1261,16],"tags":[771,973,1229],"class_list":["post-15116","post","type-post","status-publish","format-standard","hentry","category-liturgique","category-ecritures","category-enseignement-2","category-jardins-de-la-bible","tag-parole-divine","tag-semeur","tag-st-cesaire-darles"],"_links":{"self":[{"href":"https:\/\/www.associationdemarie.org\/blog\/wp-json\/wp\/v2\/posts\/15116","targetHints":{"allow":["GET"]}}],"collection":[{"href":"https:\/\/www.associationdemarie.org\/blog\/wp-json\/wp\/v2\/posts"}],"about":[{"href":"https:\/\/www.associationdemarie.org\/blog\/wp-json\/wp\/v2\/types\/post"}],"author":[{"embeddable":true,"href":"https:\/\/www.associationdemarie.org\/blog\/wp-json\/wp\/v2\/users\/2"}],"replies":[{"embeddable":true,"href":"https:\/\/www.associationdemarie.org\/blog\/wp-json\/wp\/v2\/comments?post=15116"}],"version-history":[{"count":2,"href":"https:\/\/www.associationdemarie.org\/blog\/wp-json\/wp\/v2\/posts\/15116\/revisions"}],"predecessor-version":[{"id":15119,"href":"https:\/\/www.associationdemarie.org\/blog\/wp-json\/wp\/v2\/posts\/15116\/revisions\/15119"}],"wp:attachment":[{"href":"https:\/\/www.associationdemarie.org\/blog\/wp-json\/wp\/v2\/media?parent=15116"}],"wp:term":[{"taxonomy":"category","embeddable":true,"href":"https:\/\/www.associationdemarie.org\/blog\/wp-json\/wp\/v2\/categories?post=15116"},{"taxonomy":"post_tag","embeddable":true,"href":"https:\/\/www.associationdemarie.org\/blog\/wp-json\/wp\/v2\/tags?post=15116"}],"curies":[{"name":"wp","href":"https:\/\/api.w.org\/{rel}","templated":true}]}}