{"id":15090,"date":"2017-07-22T01:27:18","date_gmt":"2017-07-22T00:27:18","guid":{"rendered":"http:\/\/www.associationdemarie.org\/blog\/?p=15090"},"modified":"2017-07-07T07:28:46","modified_gmt":"2017-07-07T06:28:46","slug":"fete-de-sainte-marie-madeleine-disciple-du-seigneur","status":"publish","type":"post","link":"https:\/\/www.associationdemarie.org\/blog\/fete-de-sainte-marie-madeleine-disciple-du-seigneur\/","title":{"rendered":"F\u00eate de sainte Marie-Madeleine, disciple du Seigneur"},"content":{"rendered":"<p><a href=\"https:\/\/www.associationdemarie.org\/blog\/wp-content\/uploads\/2017\/07\/jesus_10.jpg\"><img loading=\"lazy\" decoding=\"async\" class=\"aligncenter  wp-image-15091\" src=\"https:\/\/www.associationdemarie.org\/blog\/wp-content\/uploads\/2017\/07\/jesus_10.jpg\" alt=\"jesus_10\" width=\"434\" height=\"437\" srcset=\"https:\/\/www.associationdemarie.org\/blog\/wp-content\/uploads\/2017\/07\/jesus_10.jpg 550w, https:\/\/www.associationdemarie.org\/blog\/wp-content\/uploads\/2017\/07\/jesus_10-150x150.jpg 150w, https:\/\/www.associationdemarie.org\/blog\/wp-content\/uploads\/2017\/07\/jesus_10-298x300.jpg 298w\" sizes=\"auto, (max-width: 434px) 100vw, 434px\" \/><\/a><\/p>\n<p>Celui qui sonde les c\u0153urs et les reins (Ps 7,10), sachant que Marie reconna\u00eetrait sa voix, appelait son agneau en vrai pasteur (Jn 10,4) disant\u00a0: \u00ab\u00a0Marie\u00a0!\u00a0\u00bb Elle dit aussit\u00f4t\u00a0: \u00ab\u00a0Oui, c&rsquo;est bien mon bon pasteur qui m&rsquo;appelle pour me compter d\u00e9sormais avec les quatre-vingt-dix-neuf brebis (Lc 15,4). Je vois derri\u00e8re lui des l\u00e9gions de saints, des arm\u00e9es de justes&#8230; Je sais bien qui il est, celui qui m&rsquo;appelle\u00a0; je l&rsquo;avais dit, c&rsquo;est mon Seigneur, c&rsquo;est celui qui offre aux hommes d\u00e9chus la r\u00e9surrection\u00a0\u00bb.<\/p>\n<p>Emport\u00e9e par la ferveur de l&rsquo;amour, la jeune femme voulut saisir celui qui remplit toute la cr\u00e9ation&#8230; Mais le Cr\u00e9ateur&#8230;l&rsquo;\u00e9leva vers le monde divin en disant\u00a0: \u00ab\u00a0Ne me touche pas\u00a0; me prendrais-tu seulement pour un mortel\u00a0? Je suis Dieu, ne me touche pas&#8230; L\u00e8ve l\u00e0-haut tes yeux et regarde le monde c\u00e9leste\u00a0; c&rsquo;est l\u00e0 que tu dois me chercher. Car je monte vers mon P\u00e8re, que je n&rsquo;ai pas quitt\u00e9. J&rsquo;ai toujours \u00e9t\u00e9 en m\u00eame temps que lui, je partage son tr\u00f4ne, je re\u00e7ois le m\u00eame honneur, moi qui offre aux hommes d\u00e9chus la r\u00e9surrection.<\/p>\n<p>\u00ab\u00a0Que ta langue d\u00e9sormais proclame ces choses et les explique aux fils du Royaume qui attendent que je m&rsquo;\u00e9veille, moi, le Vivant. Va vite, Marie, rassemble mes disciples. J&rsquo;ai en toi une trompette \u00e0 la voix puissante\u00a0; sonne un chant de paix aux oreilles craintives de mes amis cach\u00e9s, \u00e9veille-les tous comme d&rsquo;un sommeil, afin qu&rsquo;ils viennent \u00e0 ma rencontre. Va dire\u00a0: &lsquo;L&rsquo;\u00e9poux s&rsquo;est \u00e9veill\u00e9, sortant de la tombe. Ap\u00f4tres, chassez la tristesse mortelle, car il s&rsquo;est lev\u00e9, celui qui offre aux hommes d\u00e9chus la r\u00e9surrection&rsquo;\u00a0\u00bb&#8230;<\/p>\n<p>Marie s&rsquo;exclame\u00a0: \u00ab\u00a0Tout d&rsquo;un coup mon deuil s&rsquo;est chang\u00e9 en liesse, tout m&rsquo;est devenu joie et all\u00e9gresse. Je n&rsquo;h\u00e9site pas \u00e0 le dire\u00a0: j&rsquo;ai re\u00e7u la m\u00eame gloire que Mo\u00efse (Ex 33,18s). J&rsquo;ai vu, oui, j&rsquo;ai vu, non sur la montagne, mais dans le s\u00e9pulcre, voil\u00e9 non par la nu\u00e9e, mais par un corps, le ma\u00eetre des \u00eatres incorporels et des nu\u00e9es, leur ma\u00eetre hier, maintenant et \u00e0 jamais. Il m&rsquo;a dit\u00a0: &lsquo;Marie, h\u00e2te-toi\u00a0! Comme une colombe portant un rameau d&rsquo;olivier, va annoncer la bonne nouvelle aux descendants de No\u00e9 (Gn 8,11). Dis-leur que la mort est d\u00e9truite et qu&rsquo;il est ressuscit\u00e9, celui qui offre aux hommes d\u00e9chus la r\u00e9surrection&rsquo;\u00a0\u00bb.<\/p>\n<p>Saint Romanos le M\u00e9lode (?-v. 560), compositeur d&rsquo;hymnes<br \/>\n<i>Hymne 40 (trad. SC 128, p. 397s rev.)<\/i><\/p>\n<p>&nbsp;<\/p>\n<p>&nbsp;<\/p>\n<p>&nbsp;<\/p>\n","protected":false},"excerpt":{"rendered":"<p>Celui qui sonde les c\u0153urs et les reins (Ps 7,10), sachant que Marie reconna\u00eetrait sa voix, appelait son agneau en vrai pasteur (Jn 10,4) disant\u00a0: \u00ab\u00a0Marie\u00a0!\u00a0\u00bb Elle dit aussit\u00f4t\u00a0: \u00ab\u00a0Oui, c&rsquo;est bien mon bon pasteur qui m&rsquo;appelle pour me compter d\u00e9sormais avec les quatre-vingt-dix-neuf brebis (Lc 15,4). Je vois derri\u00e8re lui des l\u00e9gions de saints, [&hellip;]<\/p>\n","protected":false},"author":2,"featured_media":0,"comment_status":"closed","ping_status":"closed","sticky":false,"template":"","format":"standard","meta":{"footnotes":""},"categories":[3,28],"tags":[1077,1101],"class_list":["post-15090","post","type-post","status-publish","format-standard","hentry","category-liturgique","category-saints-et-saintes","tag-st-romanos-le-melode","tag-ste-marie-madeleine"],"_links":{"self":[{"href":"https:\/\/www.associationdemarie.org\/blog\/wp-json\/wp\/v2\/posts\/15090","targetHints":{"allow":["GET"]}}],"collection":[{"href":"https:\/\/www.associationdemarie.org\/blog\/wp-json\/wp\/v2\/posts"}],"about":[{"href":"https:\/\/www.associationdemarie.org\/blog\/wp-json\/wp\/v2\/types\/post"}],"author":[{"embeddable":true,"href":"https:\/\/www.associationdemarie.org\/blog\/wp-json\/wp\/v2\/users\/2"}],"replies":[{"embeddable":true,"href":"https:\/\/www.associationdemarie.org\/blog\/wp-json\/wp\/v2\/comments?post=15090"}],"version-history":[{"count":2,"href":"https:\/\/www.associationdemarie.org\/blog\/wp-json\/wp\/v2\/posts\/15090\/revisions"}],"predecessor-version":[{"id":15093,"href":"https:\/\/www.associationdemarie.org\/blog\/wp-json\/wp\/v2\/posts\/15090\/revisions\/15093"}],"wp:attachment":[{"href":"https:\/\/www.associationdemarie.org\/blog\/wp-json\/wp\/v2\/media?parent=15090"}],"wp:term":[{"taxonomy":"category","embeddable":true,"href":"https:\/\/www.associationdemarie.org\/blog\/wp-json\/wp\/v2\/categories?post=15090"},{"taxonomy":"post_tag","embeddable":true,"href":"https:\/\/www.associationdemarie.org\/blog\/wp-json\/wp\/v2\/tags?post=15090"}],"curies":[{"name":"wp","href":"https:\/\/api.w.org\/{rel}","templated":true}]}}