{"id":15063,"date":"2017-07-14T01:18:08","date_gmt":"2017-07-14T00:18:08","guid":{"rendered":"http:\/\/www.associationdemarie.org\/blog\/?p=15063"},"modified":"2017-06-28T15:19:35","modified_gmt":"2017-06-28T14:19:35","slug":"adroits-comme-les-serpents-et-candides-comme-les-colombes","status":"publish","type":"post","link":"https:\/\/www.associationdemarie.org\/blog\/adroits-comme-les-serpents-et-candides-comme-les-colombes\/","title":{"rendered":"Adroits comme les serpents et candides comme les colombes"},"content":{"rendered":"<p><a href=\"https:\/\/www.associationdemarie.org\/blog\/wp-content\/uploads\/2017\/06\/viergser.jpg\"><img loading=\"lazy\" decoding=\"async\" class=\"alignleft size-full wp-image-15064\" src=\"https:\/\/www.associationdemarie.org\/blog\/wp-content\/uploads\/2017\/06\/viergser.jpg\" alt=\"viergser\" width=\"250\" height=\"379\" srcset=\"https:\/\/www.associationdemarie.org\/blog\/wp-content\/uploads\/2017\/06\/viergser.jpg 250w, https:\/\/www.associationdemarie.org\/blog\/wp-content\/uploads\/2017\/06\/viergser-198x300.jpg 198w\" sizes=\"auto, (max-width: 250px) 100vw, 250px\" \/><\/a><\/p>\n<p>Par son application constante \u00e0 la pri\u00e8re et par sa pratique des vertus, l&rsquo;homme de Dieu Fran\u00e7ois \u00e9tait parvenu \u00e0 une telle limpidit\u00e9 d&rsquo;\u00e2me que, sans avoir acquis par l&rsquo;\u00e9tude la connaissance des Livres saints, mais \u00e9clair\u00e9 par les rayons de la Lumi\u00e8re \u00e9ternelle, il p\u00e9n\u00e9trait pourtant avec une \u00e9tonnante acuit\u00e9 jusqu&rsquo;au plus profond des \u00c9critures. Son esprit, pur de toute souillure, trouvait l&rsquo;acc\u00e8s des myst\u00e8res cach\u00e9s et son amour imp\u00e9tueux ouvrait les portes devant lesquelles pi\u00e9tine la science des ma\u00eetres&#8230;<\/p>\n<p>Des fr\u00e8res lui demand\u00e8rent un jour, pour ceux qui avaient fait des \u00e9tudes, la permission de s&rsquo;adonner \u00e0 l&rsquo;\u00e9tude de l&rsquo;\u00c9criture sainte. Il r\u00e9pondit\u00a0: \u00ab\u00a0Je permets, \u00e0 condition qu&rsquo;ils n&rsquo;en oublient pas de s&rsquo;appliquer aussi \u00e0 la pri\u00e8re comme le Christ qui a pri\u00e9, lit-on, plus qu&rsquo;il n&rsquo;a \u00e9tudi\u00e9 (Lc 11,1; 2,46). Et \u00e0 condition qu&rsquo;ils n&rsquo;\u00e9tudient pas uniquement pour savoir comment on doit parler, mais pour mettre d&rsquo;abord en pratique ce qu&rsquo;ils auront appris et, apr\u00e8s l&rsquo;avoir mis en pratique, pour enseigner aux autres ce qu&rsquo;ils doivent faire. Je veux, ajouta-t-il, que mes fr\u00e8res soient les disciples de l&rsquo;\u00c9vangile et que leur progr\u00e8s dans la connaissance de la v\u00e9rit\u00e9 ne fasse que suivre leur progr\u00e8s en puret\u00e9 et simplicit\u00e9, de sorte qu&rsquo;ils ne s\u00e9parent pas ce que le Ma\u00eetre a uni d&rsquo;une parole de sa bouche b\u00e9nie\u00a0: &lsquo;La simplicit\u00e9 de la colombe et la prudence du serpent&rsquo;\u00a0\u00bb.<\/p>\n<p>Saint Bonaventure (1221-1274), franciscain, docteur de l&rsquo;\u00c9glise<br \/>\n<i>Vie de Saint Fran\u00e7ois, Legenda major, ch. 11 (trad. Vorreux, \u00c9ds franciscaines 1951)<\/i><\/p>\n<p>&nbsp;<\/p>\n<p>&nbsp;<\/p>\n<p>&nbsp;<\/p>\n<p>&nbsp;<\/p>\n","protected":false},"excerpt":{"rendered":"<p>Par son application constante \u00e0 la pri\u00e8re et par sa pratique des vertus, l&rsquo;homme de Dieu Fran\u00e7ois \u00e9tait parvenu \u00e0 une telle limpidit\u00e9 d&rsquo;\u00e2me que, sans avoir acquis par l&rsquo;\u00e9tude la connaissance des Livres saints, mais \u00e9clair\u00e9 par les rayons de la Lumi\u00e8re \u00e9ternelle, il p\u00e9n\u00e9trait pourtant avec une \u00e9tonnante acuit\u00e9 jusqu&rsquo;au plus profond des [&hellip;]<\/p>\n","protected":false},"author":2,"featured_media":0,"comment_status":"closed","ping_status":"closed","sticky":false,"template":"","format":"standard","meta":{"footnotes":""},"categories":[3,1261,16,28],"tags":[1239,1030],"class_list":["post-15063","post","type-post","status-publish","format-standard","hentry","category-liturgique","category-enseignement-2","category-jardins-de-la-bible","category-saints-et-saintes","tag-st-bonaventure","tag-st-francois-dassise"],"_links":{"self":[{"href":"https:\/\/www.associationdemarie.org\/blog\/wp-json\/wp\/v2\/posts\/15063","targetHints":{"allow":["GET"]}}],"collection":[{"href":"https:\/\/www.associationdemarie.org\/blog\/wp-json\/wp\/v2\/posts"}],"about":[{"href":"https:\/\/www.associationdemarie.org\/blog\/wp-json\/wp\/v2\/types\/post"}],"author":[{"embeddable":true,"href":"https:\/\/www.associationdemarie.org\/blog\/wp-json\/wp\/v2\/users\/2"}],"replies":[{"embeddable":true,"href":"https:\/\/www.associationdemarie.org\/blog\/wp-json\/wp\/v2\/comments?post=15063"}],"version-history":[{"count":1,"href":"https:\/\/www.associationdemarie.org\/blog\/wp-json\/wp\/v2\/posts\/15063\/revisions"}],"predecessor-version":[{"id":15065,"href":"https:\/\/www.associationdemarie.org\/blog\/wp-json\/wp\/v2\/posts\/15063\/revisions\/15065"}],"wp:attachment":[{"href":"https:\/\/www.associationdemarie.org\/blog\/wp-json\/wp\/v2\/media?parent=15063"}],"wp:term":[{"taxonomy":"category","embeddable":true,"href":"https:\/\/www.associationdemarie.org\/blog\/wp-json\/wp\/v2\/categories?post=15063"},{"taxonomy":"post_tag","embeddable":true,"href":"https:\/\/www.associationdemarie.org\/blog\/wp-json\/wp\/v2\/tags?post=15063"}],"curies":[{"name":"wp","href":"https:\/\/api.w.org\/{rel}","templated":true}]}}