{"id":15059,"date":"2017-07-13T01:14:04","date_gmt":"2017-07-13T00:14:04","guid":{"rendered":"http:\/\/www.associationdemarie.org\/blog\/?p=15059"},"modified":"2017-06-28T07:16:15","modified_gmt":"2017-06-28T06:16:15","slug":"marie-appelle-a-la-paix","status":"publish","type":"post","link":"https:\/\/www.associationdemarie.org\/blog\/marie-appelle-a-la-paix\/","title":{"rendered":"Marie appelle \u00e0 la Paix"},"content":{"rendered":"<div><span style=\"color: #ffffff;\">.<\/span><a href=\"https:\/\/www.associationdemarie.org\/blog\/wp-content\/uploads\/2017\/06\/image_preview.jpg\"><img loading=\"lazy\" decoding=\"async\" class=\"size-full wp-image-15060 aligncenter\" src=\"https:\/\/www.associationdemarie.org\/blog\/wp-content\/uploads\/2017\/06\/image_preview.jpg\" alt=\"image_preview\" width=\"329\" height=\"400\" srcset=\"https:\/\/www.associationdemarie.org\/blog\/wp-content\/uploads\/2017\/06\/image_preview.jpg 329w, https:\/\/www.associationdemarie.org\/blog\/wp-content\/uploads\/2017\/06\/image_preview-247x300.jpg 247w\" sizes=\"auto, (max-width: 329px) 100vw, 329px\" \/><\/a><\/div>\n<div><span style=\"color: #ffffff;\">.<\/span><\/div>\n<div>\u00ab\u00a0Marie est essentiellement venue comme ambassadrice de paix avec une sommation [aux trois enfants voyants \u00e0 Fatima] \u00e0 \u00eatre des membres principaux, pour utiliser le jargon de l\u2019ONU, de sa Mission permanente aupr\u00e8s de toutes les nations.<\/div>\n<div>On peut tirer des le\u00e7ons universelles des \u00e9v\u00e9nements de Fatima, la premi\u00e8re \u00e9tant\u00a0la <b>n\u00e9cessit\u00e9 de la conversion, notamment vis-\u00e0-vis de\u00a0l\u2019accueil des plus pauvres,<\/b> condition pr\u00e9alable \u00e0 la paix. Sans cette conversion la paix ne restera qu\u2019une illusion.<\/div>\n<div>La deuxi\u00e8me le\u00e7on est li\u00e9e au fait que <b>la paix commence dans le c\u0153ur<\/b>. Si le c\u0153ur n\u2019a pas de paix, cela va \u00eatre tr\u00e8s dur d\u2019\u00eatre artisan de paix, constructeur et gardien. La personne doit \u00eatre transform\u00e9e.<\/div>\n<div>La troisi\u00e8me le\u00e7on universelle concerne <b>la pri\u00e8re, un instrument de paix qui transforme celui qui prie\u00a0mais aussi le monde ext\u00e9rieur.<\/b>Marie dit que dans le travail de paix, avant l\u2019action, aussi indispensable qu\u2019elle soit, il faut en premier la pri\u00e8re et le sacrifice.<\/div>\n<div>Enfin, la quatri\u00e8me le\u00e7on est la n\u00e9cessit\u00e9 d\u2019impliquer tout le monde dans les efforts de pacification. Pour transmettre son message en effet, Marie ne s\u2019adresse pas aux chefs d\u2019Etat, aux diplomates, ni aux chefs religieux mais \u00e0 trois enfants. <b>Pour la paix, tout le monde a un r\u00f4le \u00e0 jouer, m\u00eame ceux que le monde trouve insignifiants, incapables ou trop jeunes<\/b>\u00a0\u00bb.<\/div>\n<div><span style=\"color: #ffffff;\">.<\/span><\/div>\n<div>Mgr Bernardito Auza, observateur permanent du Saint-Si\u00e8ge aupr\u00e8s des Nations unies \u00e0 New-York<\/div>\n<div>Extrait de son intervention du 12\/05\/2015<\/div>\n","protected":false},"excerpt":{"rendered":"<p>. . \u00ab\u00a0Marie est essentiellement venue comme ambassadrice de paix avec une sommation [aux trois enfants voyants \u00e0 Fatima] \u00e0 \u00eatre des membres principaux, pour utiliser le jargon de l\u2019ONU, de sa Mission permanente aupr\u00e8s de toutes les nations. On peut tirer des le\u00e7ons universelles des \u00e9v\u00e9nements de Fatima, la premi\u00e8re \u00e9tant\u00a0la n\u00e9cessit\u00e9 de la [&hellip;]<\/p>\n","protected":false},"author":2,"featured_media":0,"comment_status":"closed","ping_status":"closed","sticky":false,"template":"","format":"standard","meta":{"footnotes":""},"categories":[3,1261],"tags":[65,1214,1189],"class_list":["post-15059","post","type-post","status-publish","format-standard","hentry","category-liturgique","category-enseignement-2","tag-amour-et-paix","tag-n-d-de-fatima","tag-vierge-marie"],"_links":{"self":[{"href":"https:\/\/www.associationdemarie.org\/blog\/wp-json\/wp\/v2\/posts\/15059","targetHints":{"allow":["GET"]}}],"collection":[{"href":"https:\/\/www.associationdemarie.org\/blog\/wp-json\/wp\/v2\/posts"}],"about":[{"href":"https:\/\/www.associationdemarie.org\/blog\/wp-json\/wp\/v2\/types\/post"}],"author":[{"embeddable":true,"href":"https:\/\/www.associationdemarie.org\/blog\/wp-json\/wp\/v2\/users\/2"}],"replies":[{"embeddable":true,"href":"https:\/\/www.associationdemarie.org\/blog\/wp-json\/wp\/v2\/comments?post=15059"}],"version-history":[{"count":2,"href":"https:\/\/www.associationdemarie.org\/blog\/wp-json\/wp\/v2\/posts\/15059\/revisions"}],"predecessor-version":[{"id":15062,"href":"https:\/\/www.associationdemarie.org\/blog\/wp-json\/wp\/v2\/posts\/15059\/revisions\/15062"}],"wp:attachment":[{"href":"https:\/\/www.associationdemarie.org\/blog\/wp-json\/wp\/v2\/media?parent=15059"}],"wp:term":[{"taxonomy":"category","embeddable":true,"href":"https:\/\/www.associationdemarie.org\/blog\/wp-json\/wp\/v2\/categories?post=15059"},{"taxonomy":"post_tag","embeddable":true,"href":"https:\/\/www.associationdemarie.org\/blog\/wp-json\/wp\/v2\/tags?post=15059"}],"curies":[{"name":"wp","href":"https:\/\/api.w.org\/{rel}","templated":true}]}}