{"id":15037,"date":"2017-07-09T01:25:35","date_gmt":"2017-07-09T00:25:35","guid":{"rendered":"http:\/\/www.associationdemarie.org\/blog\/?p=15037"},"modified":"2017-06-24T07:26:50","modified_gmt":"2017-06-24T06:26:50","slug":"pere-seigneur-du-ciel-et-de-la-terre-je-proclame-ta-louange","status":"publish","type":"post","link":"https:\/\/www.associationdemarie.org\/blog\/pere-seigneur-du-ciel-et-de-la-terre-je-proclame-ta-louange\/","title":{"rendered":"\u00ab P\u00e8re, Seigneur du ciel et de la terre, je proclame ta louange. \u00bb"},"content":{"rendered":"<p><a href=\"https:\/\/www.associationdemarie.org\/blog\/wp-content\/uploads\/2017\/06\/24044.jpeg\"><img loading=\"lazy\" decoding=\"async\" class=\"aligncenter  wp-image-15038\" src=\"https:\/\/www.associationdemarie.org\/blog\/wp-content\/uploads\/2017\/06\/24044.jpeg\" alt=\"24044\" width=\"473\" height=\"283\" srcset=\"https:\/\/www.associationdemarie.org\/blog\/wp-content\/uploads\/2017\/06\/24044.jpeg 680w, https:\/\/www.associationdemarie.org\/blog\/wp-content\/uploads\/2017\/06\/24044-300x180.jpeg 300w\" sizes=\"auto, (max-width: 473px) 100vw, 473px\" \/><\/a><\/p>\n<p>Lorsque le Seigneur a pris la coupe, il a rendu gr\u00e2ce (Mt 26,27)\u00a0; nous pouvons songer l\u00e0 aux paroles de b\u00e9n\u00e9diction qui expriment certes une action de gr\u00e2ce envers le Cr\u00e9ateur, mais nous savons aussi que le Christ avait coutume de rendre gr\u00e2ce chaque fois qu&rsquo;avant d&rsquo;accomplir un miracle il levait les yeux vers le P\u00e8re des cieux (Jn 11,41). Il rend gr\u00e2ce parce que d&rsquo;avance il se sait exauc\u00e9. Il rend gr\u00e2ce pour la puissance divine qu&rsquo;il porte en lui et par laquelle il va manifester aux yeux des hommes la toute-puissance du Cr\u00e9ateur. Il rend gr\u00e2ce pour l&rsquo;\u0153uvre de r\u00e9demption qu&rsquo;il lui est donn\u00e9 d&rsquo;op\u00e9rer, et il rend gr\u00e2ce par cette \u0153uvre qui est elle-m\u00eame glorification du Dieu Trinit\u00e9 de qui elle renouvelle en sa pure beaut\u00e9 l&rsquo;image d\u00e9figur\u00e9e.<\/p>\n<p>Ainsi, le sacrifice \u00e9ternellement actuel du Christ, sur la croix, au cours de la sainte messe et dans la gloire \u00e9ternelle du ciel, peut se comprendre comme une seule immense action de gr\u00e2ce \u2014 c&rsquo;est le sens du mot \u00ab\u00a0eucharistie\u00a0\u00bb \u2014 comme action de gr\u00e2ce pour la cr\u00e9ation, la r\u00e9demption et l&rsquo;ach\u00e8vement final. Il s&rsquo;offre lui-m\u00eame au nom de tout l&rsquo;univers cr\u00e9\u00e9 dont il est le mod\u00e8le originel et dans lequel il est descendu pour le renouveler de l&rsquo;int\u00e9rieur et le conduire \u00e0 son ach\u00e8vement. Mais il appelle aussi tout ce monde cr\u00e9\u00e9 \u00e0 pr\u00e9senter avec lui au Cr\u00e9ateur l&rsquo;hommage d&rsquo;action de gr\u00e2ce qui lui revient.<\/p>\n<p>Sainte Th\u00e9r\u00e8se-B\u00e9n\u00e9dicte de la Croix [\u00c9dith Stein] (1891-1942), carm\u00e9lite, martyre, copatronne de l&rsquo;Europe<br \/>\n<i>La Pri\u00e8re de l&rsquo;\u00c9glise (trad. Source cach\u00e9e, Cerf 1999, p. 57)<\/i><\/p>\n<p>&nbsp;<\/p>\n<p>&nbsp;<\/p>\n<p>&nbsp;<\/p>\n","protected":false},"excerpt":{"rendered":"<p>Lorsque le Seigneur a pris la coupe, il a rendu gr\u00e2ce (Mt 26,27)\u00a0; nous pouvons songer l\u00e0 aux paroles de b\u00e9n\u00e9diction qui expriment certes une action de gr\u00e2ce envers le Cr\u00e9ateur, mais nous savons aussi que le Christ avait coutume de rendre gr\u00e2ce chaque fois qu&rsquo;avant d&rsquo;accomplir un miracle il levait les yeux vers le [&hellip;]<\/p>\n","protected":false},"author":2,"featured_media":0,"comment_status":"closed","ping_status":"closed","sticky":false,"template":"","format":"standard","meta":{"footnotes":""},"categories":[3,13,1261],"tags":[592,1108],"class_list":["post-15037","post","type-post","status-publish","format-standard","hentry","category-liturgique","category-ecritures","category-enseignement-2","tag-louange","tag-ste-therese-benedicte-de-la-croix"],"_links":{"self":[{"href":"https:\/\/www.associationdemarie.org\/blog\/wp-json\/wp\/v2\/posts\/15037","targetHints":{"allow":["GET"]}}],"collection":[{"href":"https:\/\/www.associationdemarie.org\/blog\/wp-json\/wp\/v2\/posts"}],"about":[{"href":"https:\/\/www.associationdemarie.org\/blog\/wp-json\/wp\/v2\/types\/post"}],"author":[{"embeddable":true,"href":"https:\/\/www.associationdemarie.org\/blog\/wp-json\/wp\/v2\/users\/2"}],"replies":[{"embeddable":true,"href":"https:\/\/www.associationdemarie.org\/blog\/wp-json\/wp\/v2\/comments?post=15037"}],"version-history":[{"count":1,"href":"https:\/\/www.associationdemarie.org\/blog\/wp-json\/wp\/v2\/posts\/15037\/revisions"}],"predecessor-version":[{"id":15039,"href":"https:\/\/www.associationdemarie.org\/blog\/wp-json\/wp\/v2\/posts\/15037\/revisions\/15039"}],"wp:attachment":[{"href":"https:\/\/www.associationdemarie.org\/blog\/wp-json\/wp\/v2\/media?parent=15037"}],"wp:term":[{"taxonomy":"category","embeddable":true,"href":"https:\/\/www.associationdemarie.org\/blog\/wp-json\/wp\/v2\/categories?post=15037"},{"taxonomy":"post_tag","embeddable":true,"href":"https:\/\/www.associationdemarie.org\/blog\/wp-json\/wp\/v2\/tags?post=15037"}],"curies":[{"name":"wp","href":"https:\/\/api.w.org\/{rel}","templated":true}]}}