{"id":14963,"date":"2017-06-22T01:04:56","date_gmt":"2017-06-22T00:04:56","guid":{"rendered":"http:\/\/www.associationdemarie.org\/blog\/?p=14963"},"modified":"2017-06-22T19:02:10","modified_gmt":"2017-06-22T18:02:10","slug":"quand-vous-priez-dites-pere-lc-112","status":"publish","type":"post","link":"https:\/\/www.associationdemarie.org\/blog\/quand-vous-priez-dites-pere-lc-112\/","title":{"rendered":"\u00ab Quand vous priez, dites : &lsquo;P\u00e8re&rsquo; \u00bb (Lc 11,2)"},"content":{"rendered":"<p><a href=\"https:\/\/www.associationdemarie.org\/blog\/wp-content\/uploads\/2017\/06\/20788.png\"><img loading=\"lazy\" decoding=\"async\" class=\"aligncenter wp-image-14964\" src=\"https:\/\/www.associationdemarie.org\/blog\/wp-content\/uploads\/2017\/06\/20788.png\" alt=\"20788\" width=\"437\" height=\"189\" srcset=\"https:\/\/www.associationdemarie.org\/blog\/wp-content\/uploads\/2017\/06\/20788.png 680w, https:\/\/www.associationdemarie.org\/blog\/wp-content\/uploads\/2017\/06\/20788-300x130.png 300w\" sizes=\"auto, (max-width: 437px) 100vw, 437px\" \/><\/a><\/p>\n<p>\u00ab\u00a0Notre P\u00e8re qui es aux cieux.\u00a0\u00bb \u00d4 mon Seigneur, comme il se voit bien que tu es le P\u00e8re d&rsquo;un tel Fils, et comme ton Fils manifeste bien qu&rsquo;il est le Fils d&rsquo;un tel P\u00e8re\u00a0! Sois-en b\u00e9ni \u00e0 jamais\u00a0! Cette phrase n&rsquo;aurait-elle pas \u00e9t\u00e9 une aussi grande faveur, Seigneur, si tu l&rsquo;avais plac\u00e9e \u00e0 la fin de cette pri\u00e8re\u00a0? Or, c&rsquo;est d\u00e8s le d\u00e9but que ta lib\u00e9ralit\u00e9 \u00e9clate par le don d&rsquo;un tel bienfait. Notre esprit devrait en \u00eatre tellement rempli, et notre volont\u00e9 tellement p\u00e9n\u00e9tr\u00e9e, qu&rsquo;il nous soit impossible de prof\u00e9rer une parole. \u00d4 mes filles, que ce serait bien ici le lieu de vous parler de la contemplation parfaite\u00a0! Comme il serait juste que l&rsquo;\u00e2me rentre au-dedans d&rsquo;elle-m\u00eame pour s&rsquo;\u00e9lever au-dessus d&rsquo;elle-m\u00eame et apprendre du Fils b\u00e9ni o\u00f9 est ce lieu o\u00f9, selon sa parole, se trouve son P\u00e8re qui est dans les cieux\u00a0! &#8230;<\/p>\n<p>\u00d4 Fils de Dieu, doux ma\u00eetre\u00a0! D\u00e8s cette premi\u00e8re parole&#8230;, tu t&rsquo;humilies au point d&rsquo;unir tes demandes aux n\u00f4tres&#8230; Ne veux-tu pas que ton P\u00e8re nous regarde comme ses enfants\u00a0? &#8230; D\u00e8s lors qu&rsquo;il est notre P\u00e8re, il doit nous supporter, malgr\u00e9 la gravit\u00e9 de nos offenses. Il doit nous pardonner lorsque nous revenons \u00e0 lui comme l&rsquo;enfant prodigue. Il doit nous consoler dans nos \u00e9preuves. Il doit nous nourrir, comme il convient \u00e0 un tel P\u00e8re, car il est forc\u00e9ment meilleur que tous les p\u00e8res qui sont ici-bas, puisqu&rsquo;il poss\u00e8de n\u00e9cessairement toute perfection\u00a0; et, en plus de tout cela, il doit nous rendre participants et coh\u00e9ritiers de ses richesses avec toi&#8230;<\/p>\n<p>\u00d4 mon J\u00e9sus, je vois bien que tu as parl\u00e9 comme un Fils ch\u00e9ri et pour toi et pour nous&#8230; Et vous, mes filles, n&rsquo;est-il donc pas juste maintenant qu&rsquo;en pronon\u00e7ant du bout des l\u00e8vres cette parole\u00a0: \u00ab\u00a0Notre P\u00e8re\u00a0\u00bb, vous y apportiez toute votre attention pour la comprendre, et que votre c\u0153ur se brise de voir un si grand amour\u00a0?<\/p>\n<p>Sainte Th\u00e9r\u00e8se d&rsquo;Avila (1515-1582), carm\u00e9lite, docteur de l&rsquo;\u00c9glise<br \/>\n<i>Le Chemin de la perfection, ch. 27\/29<\/i><\/p>\n<p>&nbsp;<\/p>\n<p>&nbsp;<\/p>\n<p><a href=\"https:\/\/www.associationdemarie.org\/blog\/wp-content\/uploads\/2017\/06\/Notre-P\u00e8re.png\"><img loading=\"lazy\" decoding=\"async\" class=\"aligncenter  wp-image-15031\" src=\"https:\/\/www.associationdemarie.org\/blog\/wp-content\/uploads\/2017\/06\/Notre-P\u00e8re.png\" alt=\"Notre P\u00e8re\" width=\"475\" height=\"417\" srcset=\"https:\/\/www.associationdemarie.org\/blog\/wp-content\/uploads\/2017\/06\/Notre-P\u00e8re.png 1305w, https:\/\/www.associationdemarie.org\/blog\/wp-content\/uploads\/2017\/06\/Notre-P\u00e8re-300x263.png 300w, https:\/\/www.associationdemarie.org\/blog\/wp-content\/uploads\/2017\/06\/Notre-P\u00e8re-1024x899.png 1024w\" sizes=\"auto, (max-width: 475px) 100vw, 475px\" \/><\/a><\/p>\n<p>&nbsp;<\/p>\n<p>&nbsp;<\/p>\n<p>&nbsp;<\/p>\n<p>&nbsp;<\/p>\n<p>&nbsp;<\/p>\n","protected":false},"excerpt":{"rendered":"<p>\u00ab\u00a0Notre P\u00e8re qui es aux cieux.\u00a0\u00bb \u00d4 mon Seigneur, comme il se voit bien que tu es le P\u00e8re d&rsquo;un tel Fils, et comme ton Fils manifeste bien qu&rsquo;il est le Fils d&rsquo;un tel P\u00e8re\u00a0! Sois-en b\u00e9ni \u00e0 jamais\u00a0! Cette phrase n&rsquo;aurait-elle pas \u00e9t\u00e9 une aussi grande faveur, Seigneur, si tu l&rsquo;avais plac\u00e9e \u00e0 la [&hellip;]<\/p>\n","protected":false},"author":2,"featured_media":0,"comment_status":"closed","ping_status":"closed","sticky":false,"template":"","format":"standard","meta":{"footnotes":""},"categories":[3,13,1261,26],"tags":[719,1109],"class_list":["post-14963","post","type-post","status-publish","format-standard","hentry","category-liturgique","category-ecritures","category-enseignement-2","category-priere-des-ames","tag-notre-pere","tag-ste-therese-davila"],"_links":{"self":[{"href":"https:\/\/www.associationdemarie.org\/blog\/wp-json\/wp\/v2\/posts\/14963","targetHints":{"allow":["GET"]}}],"collection":[{"href":"https:\/\/www.associationdemarie.org\/blog\/wp-json\/wp\/v2\/posts"}],"about":[{"href":"https:\/\/www.associationdemarie.org\/blog\/wp-json\/wp\/v2\/types\/post"}],"author":[{"embeddable":true,"href":"https:\/\/www.associationdemarie.org\/blog\/wp-json\/wp\/v2\/users\/2"}],"replies":[{"embeddable":true,"href":"https:\/\/www.associationdemarie.org\/blog\/wp-json\/wp\/v2\/comments?post=14963"}],"version-history":[{"count":3,"href":"https:\/\/www.associationdemarie.org\/blog\/wp-json\/wp\/v2\/posts\/14963\/revisions"}],"predecessor-version":[{"id":15033,"href":"https:\/\/www.associationdemarie.org\/blog\/wp-json\/wp\/v2\/posts\/14963\/revisions\/15033"}],"wp:attachment":[{"href":"https:\/\/www.associationdemarie.org\/blog\/wp-json\/wp\/v2\/media?parent=14963"}],"wp:term":[{"taxonomy":"category","embeddable":true,"href":"https:\/\/www.associationdemarie.org\/blog\/wp-json\/wp\/v2\/categories?post=14963"},{"taxonomy":"post_tag","embeddable":true,"href":"https:\/\/www.associationdemarie.org\/blog\/wp-json\/wp\/v2\/tags?post=14963"}],"curies":[{"name":"wp","href":"https:\/\/api.w.org\/{rel}","templated":true}]}}