{"id":14960,"date":"2017-06-21T01:17:01","date_gmt":"2017-06-21T00:17:01","guid":{"rendered":"http:\/\/www.associationdemarie.org\/blog\/?p=14960"},"modified":"2017-06-06T05:18:39","modified_gmt":"2017-06-06T04:18:39","slug":"ton-pere-voit-ce-que-tu-fais-en-secret","status":"publish","type":"post","link":"https:\/\/www.associationdemarie.org\/blog\/ton-pere-voit-ce-que-tu-fais-en-secret\/","title":{"rendered":"\u00ab Ton P\u00e8re voit ce que tu fais en secret. \u00bb"},"content":{"rendered":"<p><a href=\"https:\/\/www.associationdemarie.org\/blog\/wp-content\/uploads\/2017\/06\/prier-dans-le-secret.jpg\"><img loading=\"lazy\" decoding=\"async\" class=\"aligncenter  wp-image-14961\" src=\"https:\/\/www.associationdemarie.org\/blog\/wp-content\/uploads\/2017\/06\/prier-dans-le-secret.jpg\" alt=\"prier-dans-le-secret\" width=\"402\" height=\"301\" srcset=\"https:\/\/www.associationdemarie.org\/blog\/wp-content\/uploads\/2017\/06\/prier-dans-le-secret.jpg 600w, https:\/\/www.associationdemarie.org\/blog\/wp-content\/uploads\/2017\/06\/prier-dans-le-secret-300x225.jpg 300w\" sizes=\"auto, (max-width: 402px) 100vw, 402px\" \/><\/a><\/p>\n<p>Il n&rsquo;est pas question de concevoir la pri\u00e8re int\u00e9rieure, libre de toutes formes traditionnelles, comme une pi\u00e9t\u00e9 simplement subjective et de l&rsquo;opposer \u00e0 la liturgie, qui serait la pri\u00e8re objective de l&rsquo;\u00c9glise. Toute pri\u00e8re v\u00e9ritable est pri\u00e8re de l&rsquo;\u00c9glise\u00a0; \u00e0 travers toute pri\u00e8re v\u00e9ritable, il se passe quelque chose dans l&rsquo;\u00c9glise et c&rsquo;est l&rsquo;\u00c9glise elle-m\u00eame qui prie car c&rsquo;est l&rsquo;Esprit Saint vivant en elle qui, en chaque \u00e2me unique, \u00ab\u00a0intervient pour nous par des cris inexprimables\u00a0\u00bb (Rm 8,26). Et voil\u00e0 justement la pri\u00e8re v\u00e9ritable, car \u00ab\u00a0sans le Saint Esprit, personne n&rsquo;est capable de dire &lsquo;J\u00e9sus est le Seigneur&rsquo;\u00a0\u00bb (1Co 12,3). Que serait la pri\u00e8re de l&rsquo;\u00c9glise si elle n&rsquo;\u00e9tait pas l&rsquo;offrande de ceux qui, br\u00fblant d&rsquo;un grand amour, se donnent au Dieu qui est amour\u00a0?<\/p>\n<p>Le don de soi \u00e0 Dieu, par amour et sans limite, et le don divin en retour, l&rsquo;union pleine et constante, est la plus haute \u00e9l\u00e9vation du c\u0153ur qui nous soit accessible, le plus haut degr\u00e9 de la pri\u00e8re. Les \u00e2mes qui l&rsquo;ont atteint sont en v\u00e9rit\u00e9 le c\u0153ur de l&rsquo;\u00c9glise\u00a0; en elles vit l&rsquo;amour de J\u00e9sus grand pr\u00eatre. Cach\u00e9es en Dieu avec le Christ (Col 3,3), elles ne peuvent que rayonner dans d&rsquo;autres c\u0153urs l&rsquo;amour divin dont elles sont remplies et concourir ainsi \u00e0 l&rsquo;accomplissement de l&rsquo;unit\u00e9 parfaite de tous en Dieu, ce qui \u00e9tait et demeure le grand d\u00e9sir de J\u00e9sus.<\/p>\n<p>Sainte Th\u00e9r\u00e8se-B\u00e9n\u00e9dicte de la Croix [\u00c9dith Stein] (1891-1942), carm\u00e9lite, martyre, copatronne de l&rsquo;Europe<br \/>\n<i>La Pri\u00e8re de l&rsquo;Eglise (trad. Source cach\u00e9e, Cerf 1999, p. 70)<\/i><\/p>\n<p>&nbsp;<\/p>\n<p>&nbsp;<\/p>\n<p>&nbsp;<\/p>\n","protected":false},"excerpt":{"rendered":"<p>Il n&rsquo;est pas question de concevoir la pri\u00e8re int\u00e9rieure, libre de toutes formes traditionnelles, comme une pi\u00e9t\u00e9 simplement subjective et de l&rsquo;opposer \u00e0 la liturgie, qui serait la pri\u00e8re objective de l&rsquo;\u00c9glise. Toute pri\u00e8re v\u00e9ritable est pri\u00e8re de l&rsquo;\u00c9glise\u00a0; \u00e0 travers toute pri\u00e8re v\u00e9ritable, il se passe quelque chose dans l&rsquo;\u00c9glise et c&rsquo;est l&rsquo;\u00c9glise elle-m\u00eame [&hellip;]<\/p>\n","protected":false},"author":2,"featured_media":0,"comment_status":"closed","ping_status":"closed","sticky":false,"template":"","format":"standard","meta":{"footnotes":""},"categories":[3,13,1261],"tags":[336,830,1466,1108],"class_list":["post-14960","post","type-post","status-publish","format-standard","hentry","category-liturgique","category-ecritures","category-enseignement-2","tag-eglise","tag-priere","tag-secret","tag-ste-therese-benedicte-de-la-croix"],"_links":{"self":[{"href":"https:\/\/www.associationdemarie.org\/blog\/wp-json\/wp\/v2\/posts\/14960","targetHints":{"allow":["GET"]}}],"collection":[{"href":"https:\/\/www.associationdemarie.org\/blog\/wp-json\/wp\/v2\/posts"}],"about":[{"href":"https:\/\/www.associationdemarie.org\/blog\/wp-json\/wp\/v2\/types\/post"}],"author":[{"embeddable":true,"href":"https:\/\/www.associationdemarie.org\/blog\/wp-json\/wp\/v2\/users\/2"}],"replies":[{"embeddable":true,"href":"https:\/\/www.associationdemarie.org\/blog\/wp-json\/wp\/v2\/comments?post=14960"}],"version-history":[{"count":1,"href":"https:\/\/www.associationdemarie.org\/blog\/wp-json\/wp\/v2\/posts\/14960\/revisions"}],"predecessor-version":[{"id":14962,"href":"https:\/\/www.associationdemarie.org\/blog\/wp-json\/wp\/v2\/posts\/14960\/revisions\/14962"}],"wp:attachment":[{"href":"https:\/\/www.associationdemarie.org\/blog\/wp-json\/wp\/v2\/media?parent=14960"}],"wp:term":[{"taxonomy":"category","embeddable":true,"href":"https:\/\/www.associationdemarie.org\/blog\/wp-json\/wp\/v2\/categories?post=14960"},{"taxonomy":"post_tag","embeddable":true,"href":"https:\/\/www.associationdemarie.org\/blog\/wp-json\/wp\/v2\/tags?post=14960"}],"curies":[{"name":"wp","href":"https:\/\/api.w.org\/{rel}","templated":true}]}}