{"id":14938,"date":"2017-06-14T01:05:42","date_gmt":"2017-06-14T00:05:42","guid":{"rendered":"http:\/\/www.associationdemarie.org\/blog\/?p=14938"},"modified":"2017-06-14T21:53:23","modified_gmt":"2017-06-14T20:53:23","slug":"ne-pensez-pas-que-je-suis-venu-abolir-la-loi-je-ne-suis-pas-venu-abolir-mais-accomplir-mt-517","status":"publish","type":"post","link":"https:\/\/www.associationdemarie.org\/blog\/ne-pensez-pas-que-je-suis-venu-abolir-la-loi-je-ne-suis-pas-venu-abolir-mais-accomplir-mt-517\/","title":{"rendered":"\u00ab Ne pensez pas que je suis venu abolir la Loi&#8230; : je ne suis pas venu abolir, mais accomplir. \u00bb (Mt 5,17)"},"content":{"rendered":"<p><a href=\"https:\/\/www.associationdemarie.org\/blog\/wp-content\/uploads\/2017\/05\/1ec4ea7fe2d2b8d9c4bc855027f705df.jpg\"><img loading=\"lazy\" decoding=\"async\" class=\"aligncenter wp-image-14939\" src=\"https:\/\/www.associationdemarie.org\/blog\/wp-content\/uploads\/2017\/05\/1ec4ea7fe2d2b8d9c4bc855027f705df.jpg\" alt=\"1ec4ea7fe2d2b8d9c4bc855027f705df\" width=\"449\" height=\"449\" srcset=\"https:\/\/www.associationdemarie.org\/blog\/wp-content\/uploads\/2017\/05\/1ec4ea7fe2d2b8d9c4bc855027f705df.jpg 564w, https:\/\/www.associationdemarie.org\/blog\/wp-content\/uploads\/2017\/05\/1ec4ea7fe2d2b8d9c4bc855027f705df-150x150.jpg 150w, https:\/\/www.associationdemarie.org\/blog\/wp-content\/uploads\/2017\/05\/1ec4ea7fe2d2b8d9c4bc855027f705df-300x300.jpg 300w\" sizes=\"auto, (max-width: 449px) 100vw, 449px\" \/><\/a><\/p>\n<p>Je veux rappeler aux disciples du Christ la bont\u00e9 de Dieu\u00a0: que personne d&rsquo;entre vous ne se laisse \u00e9branler par les h\u00e9r\u00e9tiques si, dans la controverse, ils disent que le Dieu de la Loi n&rsquo;est pas bon mais juste, et que la Loi de Mo\u00efse n&rsquo;enseigne pas la bont\u00e9 mais la justice. Qu&rsquo;ils voient, ces d\u00e9tracteurs de Dieu en m\u00eame temps que de la Loi, comment Mo\u00efse lui-m\u00eame et Aaron ont accompli en devanciers ce que l&rsquo;\u00c9vangile a enseign\u00e9 plus tard. Consid\u00e9rez comment Mo\u00efse \u00ab\u00a0aime ses ennemis et prie pour ceux qui le pers\u00e9cutent\u00a0\u00bb (Mt 5,44)&#8230;\u00a0; voyez comment, \u00ab\u00a0tombant la face contre terre\u00a0\u00bb, tous deux prient pour ceux qui s&rsquo;\u00e9taient rebell\u00e9s et voulaient les tuer (Nb 17,10s). Ainsi trouve-t-on l&rsquo;\u00c9vangile en puissance dans la Loi et doit-on comprendre que les \u00c9vangiles sont appuy\u00e9s sur le fondement de la Loi.<\/p>\n<p>Pour moi, je ne donne pas le nom d&rsquo;Ancien Testament \u00e0 la Loi, quand je la consid\u00e8re spirituellement\u00a0; la Loi ne devient \u00ab\u00a0Ancien Testament\u00a0\u00bb que pour ceux qui ne veulent pas la comprendre selon l&rsquo;esprit. Pour eux, elle est obligatoirement devenue \u00ab\u00a0ancienne\u00a0\u00bb et elle a vieilli, parce qu&rsquo;elle ne peut pas conserver sa force. Mais pour nous, qui la comprenons et l&rsquo;expliquons en esprit et dans la ligne de l&rsquo;\u00c9vangile, elle est toujours nouvelle\u00a0; les deux Testaments sont pour nous un nouveau Testament, non par la date, mais par la nouveaut\u00e9 du sens.<\/p>\n<p>L&rsquo;ap\u00f4tre Jean ne pense-t-il pas aussi la m\u00eame chose quand il dit dans son \u00e9p\u00eetre\u00a0: \u00ab\u00a0Petits enfants, je vous donne un commandement nouveau, c&rsquo;est de vous aimer les uns les autres\u00a0\u00bb\u00a0? (4,7\u00a0; Jn 13,34) Il savait que le pr\u00e9cepte de l&rsquo;amour avait \u00e9t\u00e9 donn\u00e9 depuis longtemps dans la Loi (1Jn 2,7s\u00a0; Lv 19,18). Mais comme \u00ab\u00a0la charit\u00e9 ne dispara\u00eet jamais\u00a0\u00bb (1Co 13,8)&#8230;, il affirme l&rsquo;\u00e9ternelle nouveaut\u00e9 de ce pr\u00e9cepte qui ne vieillit pas&#8230; Pour le p\u00e9cheur et pour ceux qui n&rsquo;observent pas le pacte de la charit\u00e9, m\u00eame les \u00c9vangiles vieillissent\u00a0; il ne peut pas y avoir de Testament Nouveau pour celui qui \u00ab\u00a0ne d\u00e9pouille pas le vieil homme et ne rev\u00eat pas l&rsquo;homme nouveau et cr\u00e9\u00e9 selon Dieu\u00a0\u00bb (Ep 4,22.24).<\/p>\n<p>Orig\u00e8ne (v. 185-253), pr\u00eatre et th\u00e9ologien<br \/>\n<i>Hom\u00e9lies sur les Nombres, n\u00b0 9,4 (trad. SC 415, p. 239 rev.)<\/i><\/p>\n<p>&nbsp;<\/p>\n<p><a href=\"https:\/\/www.associationdemarie.org\/blog\/wp-content\/uploads\/2017\/06\/Psaume99.png\"><img loading=\"lazy\" decoding=\"async\" class=\"aligncenter  wp-image-14990\" src=\"https:\/\/www.associationdemarie.org\/blog\/wp-content\/uploads\/2017\/06\/Psaume99.png\" alt=\"Psaume99\" width=\"450\" height=\"640\" srcset=\"https:\/\/www.associationdemarie.org\/blog\/wp-content\/uploads\/2017\/06\/Psaume99.png 886w, https:\/\/www.associationdemarie.org\/blog\/wp-content\/uploads\/2017\/06\/Psaume99-211x300.png 211w, https:\/\/www.associationdemarie.org\/blog\/wp-content\/uploads\/2017\/06\/Psaume99-721x1024.png 721w\" sizes=\"auto, (max-width: 450px) 100vw, 450px\" \/><\/a><\/p>\n<p>&nbsp;<\/p>\n<p>&nbsp;<\/p>\n<p>&nbsp;<\/p>\n<p>&nbsp;<\/p>\n<p>&nbsp;<\/p>\n","protected":false},"excerpt":{"rendered":"<p>Je veux rappeler aux disciples du Christ la bont\u00e9 de Dieu\u00a0: que personne d&rsquo;entre vous ne se laisse \u00e9branler par les h\u00e9r\u00e9tiques si, dans la controverse, ils disent que le Dieu de la Loi n&rsquo;est pas bon mais juste, et que la Loi de Mo\u00efse n&rsquo;enseigne pas la bont\u00e9 mais la justice. Qu&rsquo;ils voient, ces [&hellip;]<\/p>\n","protected":false},"author":2,"featured_media":0,"comment_status":"closed","ping_status":"closed","sticky":false,"template":"","format":"standard","meta":{"footnotes":""},"categories":[3,13,1261,27],"tags":[243,742,848],"class_list":["post-14938","post","type-post","status-publish","format-standard","hentry","category-liturgique","category-ecritures","category-enseignement-2","category-prieres","tag-commandements","tag-origene","tag-psaume"],"_links":{"self":[{"href":"https:\/\/www.associationdemarie.org\/blog\/wp-json\/wp\/v2\/posts\/14938","targetHints":{"allow":["GET"]}}],"collection":[{"href":"https:\/\/www.associationdemarie.org\/blog\/wp-json\/wp\/v2\/posts"}],"about":[{"href":"https:\/\/www.associationdemarie.org\/blog\/wp-json\/wp\/v2\/types\/post"}],"author":[{"embeddable":true,"href":"https:\/\/www.associationdemarie.org\/blog\/wp-json\/wp\/v2\/users\/2"}],"replies":[{"embeddable":true,"href":"https:\/\/www.associationdemarie.org\/blog\/wp-json\/wp\/v2\/comments?post=14938"}],"version-history":[{"count":4,"href":"https:\/\/www.associationdemarie.org\/blog\/wp-json\/wp\/v2\/posts\/14938\/revisions"}],"predecessor-version":[{"id":14992,"href":"https:\/\/www.associationdemarie.org\/blog\/wp-json\/wp\/v2\/posts\/14938\/revisions\/14992"}],"wp:attachment":[{"href":"https:\/\/www.associationdemarie.org\/blog\/wp-json\/wp\/v2\/media?parent=14938"}],"wp:term":[{"taxonomy":"category","embeddable":true,"href":"https:\/\/www.associationdemarie.org\/blog\/wp-json\/wp\/v2\/categories?post=14938"},{"taxonomy":"post_tag","embeddable":true,"href":"https:\/\/www.associationdemarie.org\/blog\/wp-json\/wp\/v2\/tags?post=14938"}],"curies":[{"name":"wp","href":"https:\/\/api.w.org\/{rel}","templated":true}]}}