{"id":14928,"date":"2017-06-11T01:57:31","date_gmt":"2017-06-11T00:57:31","guid":{"rendered":"http:\/\/www.associationdemarie.org\/blog\/?p=14928"},"modified":"2017-05-27T07:59:00","modified_gmt":"2017-05-27T06:59:00","slug":"sainte-trinite-solennite-4","status":"publish","type":"post","link":"https:\/\/www.associationdemarie.org\/blog\/sainte-trinite-solennite-4\/","title":{"rendered":"Sainte Trinit\u00e9, solennit\u00e9"},"content":{"rendered":"<p><a href=\"https:\/\/www.associationdemarie.org\/blog\/wp-content\/uploads\/2017\/05\/5d734cb3.jpg\"><img loading=\"lazy\" decoding=\"async\" class=\"aligncenter  wp-image-14929\" src=\"https:\/\/www.associationdemarie.org\/blog\/wp-content\/uploads\/2017\/05\/5d734cb3.jpg\" alt=\"5d734cb3\" width=\"470\" height=\"294\" srcset=\"https:\/\/www.associationdemarie.org\/blog\/wp-content\/uploads\/2017\/05\/5d734cb3.jpg 600w, https:\/\/www.associationdemarie.org\/blog\/wp-content\/uploads\/2017\/05\/5d734cb3-300x188.jpg 300w\" sizes=\"auto, (max-width: 470px) 100vw, 470px\" \/><\/a><\/p>\n<p>Refrain\u00a0: Que soit b\u00e9ni celui qui t&rsquo;envoie\u00a0!<\/p>\n<p>Prends donc comme symboles le soleil pour le P\u00e8re<br \/>\npour le Fils, la lumi\u00e8re,<br \/>\net pour le Saint Esprit, la chaleur.<\/p>\n<p>Bien qu&rsquo;il soit un seul \u00eatre, c&rsquo;est une trinit\u00e9<br \/>\nque l&rsquo;on per\u00e7oit en lui.<br \/>\nSaisir l&rsquo;inexplicable, qui le peut\u00a0?<\/p>\n<p>Cet unique est multiple\u00a0: un est form\u00e9 de trois,<br \/>\net trois ne forment qu&rsquo;un,<br \/>\ngrand myst\u00e8re et merveille manifeste\u00a0!<\/p>\n<p>Le soleil est distinct de son rayonnement<br \/>\nbien qu&rsquo;il lui soit uni\u00a0;<br \/>\nson rayon est aussi le soleil.<\/p>\n<p>Mais personne ne parle pourtant de deux soleils,<br \/>\nm\u00eame si le rayon<br \/>\nest aussi le soleil ici-bas.<\/p>\n<p>Pas plus nous ne disons qu&rsquo;il y aurait deux Dieux.<br \/>\nDieu, Notre Seigneur l&rsquo;est\u00a0;<br \/>\nau-dessus du cr\u00e9\u00e9, lui aussi.<\/p>\n<p>Qui peut montrer comment et o\u00f9 est attach\u00e9<br \/>\nle rayon du soleil,<br \/>\nainsi que sa chaleur, bien que libres\u00a0?<\/p>\n<p>Ils sont ni s\u00e9par\u00e9s ni confondus,<br \/>\nunis, quoique distincts,<br \/>\nlibres, mais attach\u00e9s, \u00f4 merveille\u00a0!<\/p>\n<p>Qui peut, en les scrutant, avoir prise sur eux\u00a0?<br \/>\nPourtant ne sont-ils pas<br \/>\napparemment si simples, si faciles\u00a0? &#8230;<\/p>\n<p>Tandis que le soleil demeure tout l\u00e0-haut,<br \/>\nsa clart\u00e9, son ardeur<br \/>\nsont, pour ceux d&rsquo;ici-bas, un clair symbole.<\/p>\n<p>Oui, son rayonnement est descendu sur terre<br \/>\net demeure en nos yeux<br \/>\ncomme s&rsquo;il rev\u00eatait notre chair.<\/p>\n<p>Quand se ferment les yeux \u00e0 l&rsquo;instant du sommeil,<br \/>\ntel des morts, il les quitte,<br \/>\neux qui seront ensuite r\u00e9veill\u00e9s.<\/p>\n<p>Et comment la lumi\u00e8re entre-t-elle dans l&rsquo;\u0153il,<br \/>\nnul ne peut le comprendre.<br \/>\nAinsi, Notre Seigneur dans le sein&#8230;<\/p>\n<p>Ainsi, notre Sauveur a rev\u00eatu un corps<br \/>\ndans toute sa faiblesse,<br \/>\npour venir sanctifier l&rsquo;univers.<\/p>\n<p>Mais, lorsque le rayon remonte vers sa source,<br \/>\nil n&rsquo;a jamais \u00e9t\u00e9<br \/>\ns\u00e9par\u00e9 de celui qui l&rsquo;engendre.<\/p>\n<p>Il laisse sa chaleur pour ceux qui sont en bas,<br \/>\ncomme Notre Seigneur<br \/>\na laiss\u00e9 l&rsquo;Esprit Saint aux disciples.<\/p>\n<p>Regarde ces images dans le monde cr\u00e9\u00e9,<br \/>\net ne vas pas douter<br \/>\nquant aux Trois, car sinon tu te perds\u00a0!<\/p>\n<p>Ce qui \u00e9tait obscur, je te l&rsquo;ai rendu clair\u00a0:<br \/>\ncomment les trois font un,<br \/>\ntrinit\u00e9 qui ne forme qu&rsquo;une essence\u00a0!<\/p>\n<p>Refrain\u00a0: Que soit b\u00e9ni celui qui t&rsquo;envoie\u00a0!<\/p>\n<p>&nbsp;<\/p>\n<p>Saint Ephrem (v. 306-373), diacre en Syrie, docteur de l&rsquo;\u00c9glise<br \/>\n<i>Hymne sur la Trinit\u00e9 (trad. Bellefontaine 1991, coll. SO 50, p.334)<\/i><\/p>\n<p>&nbsp;<\/p>\n<p>&nbsp;<\/p>\n<p>&nbsp;<\/p>\n","protected":false},"excerpt":{"rendered":"<p>Refrain\u00a0: Que soit b\u00e9ni celui qui t&rsquo;envoie\u00a0! Prends donc comme symboles le soleil pour le P\u00e8re pour le Fils, la lumi\u00e8re, et pour le Saint Esprit, la chaleur. Bien qu&rsquo;il soit un seul \u00eatre, c&rsquo;est une trinit\u00e9 que l&rsquo;on per\u00e7oit en lui. Saisir l&rsquo;inexplicable, qui le peut\u00a0? Cet unique est multiple\u00a0: un est form\u00e9 de [&hellip;]<\/p>\n","protected":false},"author":2,"featured_media":0,"comment_status":"closed","ping_status":"closed","sticky":false,"template":"","format":"standard","meta":{"footnotes":""},"categories":[3,13,26,27],"tags":[1028,1110],"class_list":["post-14928","post","type-post","status-publish","format-standard","hentry","category-liturgique","category-ecritures","category-priere-des-ames","category-prieres","tag-st-ephrem","tag-ste-trinite"],"_links":{"self":[{"href":"https:\/\/www.associationdemarie.org\/blog\/wp-json\/wp\/v2\/posts\/14928","targetHints":{"allow":["GET"]}}],"collection":[{"href":"https:\/\/www.associationdemarie.org\/blog\/wp-json\/wp\/v2\/posts"}],"about":[{"href":"https:\/\/www.associationdemarie.org\/blog\/wp-json\/wp\/v2\/types\/post"}],"author":[{"embeddable":true,"href":"https:\/\/www.associationdemarie.org\/blog\/wp-json\/wp\/v2\/users\/2"}],"replies":[{"embeddable":true,"href":"https:\/\/www.associationdemarie.org\/blog\/wp-json\/wp\/v2\/comments?post=14928"}],"version-history":[{"count":1,"href":"https:\/\/www.associationdemarie.org\/blog\/wp-json\/wp\/v2\/posts\/14928\/revisions"}],"predecessor-version":[{"id":14930,"href":"https:\/\/www.associationdemarie.org\/blog\/wp-json\/wp\/v2\/posts\/14928\/revisions\/14930"}],"wp:attachment":[{"href":"https:\/\/www.associationdemarie.org\/blog\/wp-json\/wp\/v2\/media?parent=14928"}],"wp:term":[{"taxonomy":"category","embeddable":true,"href":"https:\/\/www.associationdemarie.org\/blog\/wp-json\/wp\/v2\/categories?post=14928"},{"taxonomy":"post_tag","embeddable":true,"href":"https:\/\/www.associationdemarie.org\/blog\/wp-json\/wp\/v2\/tags?post=14928"}],"curies":[{"name":"wp","href":"https:\/\/api.w.org\/{rel}","templated":true}]}}