{"id":14896,"date":"2017-06-03T01:18:25","date_gmt":"2017-06-03T00:18:25","guid":{"rendered":"http:\/\/www.associationdemarie.org\/blog\/?p=14896"},"modified":"2017-05-18T05:20:18","modified_gmt":"2017-05-18T04:20:18","slug":"deux-apotres-deux-vies-une-eglise","status":"publish","type":"post","link":"https:\/\/www.associationdemarie.org\/blog\/deux-apotres-deux-vies-une-eglise\/","title":{"rendered":"Deux ap\u00f4tres, deux vies, une Eglise"},"content":{"rendered":"<p><a href=\"https:\/\/www.associationdemarie.org\/blog\/wp-content\/uploads\/2017\/05\/49333778_p.jpg\"><img loading=\"lazy\" decoding=\"async\" class=\"aligncenter wp-image-14897\" src=\"https:\/\/www.associationdemarie.org\/blog\/wp-content\/uploads\/2017\/05\/49333778_p.jpg\" alt=\"49333778_p\" width=\"337\" height=\"337\" srcset=\"https:\/\/www.associationdemarie.org\/blog\/wp-content\/uploads\/2017\/05\/49333778_p.jpg 450w, https:\/\/www.associationdemarie.org\/blog\/wp-content\/uploads\/2017\/05\/49333778_p-150x150.jpg 150w, https:\/\/www.associationdemarie.org\/blog\/wp-content\/uploads\/2017\/05\/49333778_p-300x300.jpg 300w\" sizes=\"auto, (max-width: 337px) 100vw, 337px\" \/><\/a><\/p>\n<p>L&rsquo;\u00c9glise conna\u00eet deux vies lou\u00e9es et recommand\u00e9es par Dieu. L&rsquo;une est dans la foi, l&rsquo;autre dans la vision\u00a0; l&rsquo;une dans le p\u00e8lerinage du temps, l&rsquo;autre dans la demeure de l&rsquo;\u00e9ternit\u00e9\u00a0; l&rsquo;une dans le labeur, l&rsquo;autre dans le repos\u00a0; l&rsquo;une sur le chemin, l&rsquo;autre dans la patrie\u00a0; l&rsquo;une dans l&rsquo;effort de l&rsquo;action, l&rsquo;autre dans la r\u00e9compense de la contemplation&#8230; La premi\u00e8re est symbolis\u00e9e par l&rsquo;ap\u00f4tre Pierre, la seconde par Jean&#8230; Et ce n&rsquo;est pas eux seuls, mais toute l&rsquo;\u00c9glise, l&rsquo;\u00c9pouse du Christ, qui r\u00e9alise cela, elle qui doit \u00eatre d\u00e9livr\u00e9e des \u00e9preuves d&rsquo;ici-bas et demeurer dans la b\u00e9atitude \u00e9ternelle.<\/p>\n<p>Pierre et Jean ont symbolis\u00e9 chacun l&rsquo;une de ces deux vies. Mais tous deux ont pass\u00e9 ensemble la premi\u00e8re, dans le temps, par la foi\u00a0; et ensemble ils jouiront de la seconde, dans l&rsquo;\u00e9ternit\u00e9, par la vision. C&rsquo;est donc pour tous les saints unis ins\u00e9parablement au corps du Christ, et afin de les piloter au milieu des temp\u00eates de cette vie, que Pierre, le premier des ap\u00f4tres, a re\u00e7u les clefs du Royaume des cieux avec le pouvoir de retenir et d&rsquo;absoudre les p\u00e9ch\u00e9s (Mt 16,19). C&rsquo;est aussi pour tous les saints, et afin de leur donner acc\u00e8s \u00e0 la profondeur paisible de sa vie la plus intime, que le Christ a laiss\u00e9 Jean reposer sur sa poitrine (Jn 13,23.25). Car le pouvoir de retenir et d&rsquo;absoudre les p\u00e9ch\u00e9s n&rsquo;appartient pas \u00e0 Pierre seul, mais \u00e0 toute l&rsquo;\u00c9glise\u00a0; et Jean n&rsquo;est pas seul \u00e0 boire \u00e0 la source de la poitrine du Seigneur, le Verbe qui depuis le commencement est Dieu aupr\u00e8s de Dieu (Jn 7,38\u00a0;1,1),&#8230; mais le Seigneur lui-m\u00eame verse son \u00c9vangile \u00e0 tous les hommes du monde entier pour que chacun le boive selon sa capacit\u00e9.<\/p>\n<p>Saint Augustin (354-430), \u00e9v\u00eaque d&rsquo;Hippone (Afrique du Nord) et docteur de l&rsquo;\u00c9glise<br \/>\n<i>Sermons sur l&rsquo;\u00e9vangile de Jean, n\u00b0 124 ; CCL 36, 685 (trad. Orval)<\/i><\/p>\n<p>&nbsp;<\/p>\n<p>&nbsp;<\/p>\n<p>&nbsp;<\/p>\n","protected":false},"excerpt":{"rendered":"<p>L&rsquo;\u00c9glise conna\u00eet deux vies lou\u00e9es et recommand\u00e9es par Dieu. L&rsquo;une est dans la foi, l&rsquo;autre dans la vision\u00a0; l&rsquo;une dans le p\u00e8lerinage du temps, l&rsquo;autre dans la demeure de l&rsquo;\u00e9ternit\u00e9\u00a0; l&rsquo;une dans le labeur, l&rsquo;autre dans le repos\u00a0; l&rsquo;une sur le chemin, l&rsquo;autre dans la patrie\u00a0; l&rsquo;une dans l&rsquo;effort de l&rsquo;action, l&rsquo;autre dans la r\u00e9compense [&hellip;]<\/p>\n","protected":false},"author":2,"featured_media":0,"comment_status":"closed","ping_status":"closed","sticky":false,"template":"","format":"standard","meta":{"footnotes":""},"categories":[3,13,1261,28],"tags":[83,1012,1041,1071],"class_list":["post-14896","post","type-post","status-publish","format-standard","hentry","category-liturgique","category-ecritures","category-enseignement-2","category-saints-et-saintes","tag-apotre","tag-st-augustin","tag-st-jean","tag-st-pierre"],"_links":{"self":[{"href":"https:\/\/www.associationdemarie.org\/blog\/wp-json\/wp\/v2\/posts\/14896","targetHints":{"allow":["GET"]}}],"collection":[{"href":"https:\/\/www.associationdemarie.org\/blog\/wp-json\/wp\/v2\/posts"}],"about":[{"href":"https:\/\/www.associationdemarie.org\/blog\/wp-json\/wp\/v2\/types\/post"}],"author":[{"embeddable":true,"href":"https:\/\/www.associationdemarie.org\/blog\/wp-json\/wp\/v2\/users\/2"}],"replies":[{"embeddable":true,"href":"https:\/\/www.associationdemarie.org\/blog\/wp-json\/wp\/v2\/comments?post=14896"}],"version-history":[{"count":2,"href":"https:\/\/www.associationdemarie.org\/blog\/wp-json\/wp\/v2\/posts\/14896\/revisions"}],"predecessor-version":[{"id":14899,"href":"https:\/\/www.associationdemarie.org\/blog\/wp-json\/wp\/v2\/posts\/14896\/revisions\/14899"}],"wp:attachment":[{"href":"https:\/\/www.associationdemarie.org\/blog\/wp-json\/wp\/v2\/media?parent=14896"}],"wp:term":[{"taxonomy":"category","embeddable":true,"href":"https:\/\/www.associationdemarie.org\/blog\/wp-json\/wp\/v2\/categories?post=14896"},{"taxonomy":"post_tag","embeddable":true,"href":"https:\/\/www.associationdemarie.org\/blog\/wp-json\/wp\/v2\/tags?post=14896"}],"curies":[{"name":"wp","href":"https:\/\/api.w.org\/{rel}","templated":true}]}}